{"id":699806,"date":"2018-10-26T14:00:05","date_gmt":"2018-10-26T12:00:05","guid":{"rendered":"https:\/\/dailynewshungary.com\/it\/domenica-lungheria-passera-allorario-invernale\/"},"modified":"2018-10-26T14:00:05","modified_gmt":"2018-10-26T12:00:05","slug":"domenica-lungheria-passera-allorario-invernale","status":"publish","type":"post","link":"https:\/\/dailynewshungary.com\/it\/domenica-lungheria-passera-allorario-invernale\/","title":{"rendered":"Domenica l\u2019Ungheria passer\u00e0 all\u2019orario invernale"},"content":{"rendered":"<p><strong>L&#8217;ora invernale inizier\u00e0 in Ungheria domenica 28 ottobre, quando gli orologi alle 3 del mattino saranno arretrati di un&#8217;ora.<\/strong><\/p>\n<p>L&#8217;operatore del sistema di trasmissione di energia Mavir stima che il passaggio all&#8217;ora legale consente di risparmiare abbastanza elettricit\u00e0 per soddisfare la domanda di una citt\u00e0 di medie dimensioni.<\/p>\n<blockquote>\n<p>L&#8217;anno scorso, grazie al cambio degli orologi, \u00e8 stata risparmiata energia di 80 GWh, mostrano i dati di Mavir.<\/p>\n<\/blockquote>\n<p>L&#8217;Ungheria ha adottato la misura di risparmio di luce ed energia gi\u00e0 nel 1980, in base a un decreto governativo del 1996, l&#8217;ora legale inizia l&#8217;ultima domenica di marzo e termina l&#8217;ultima domenica di ottobre.<\/p>\n<p>Da un sondaggio \u00e8 emerso che quattro ungheresi su cinque annullerebbero l&#8217;ora legale. Inoltre, uno su cinque non sa nemmeno se dovr\u00e0 spostarsi in avanti o indietro in autunno. Chiaramente, la met\u00e0 degli intervistati ha affermato che il problema principale \u00e8 il turnover del proprio equilibrio biologico.<\/p>\n<hr>\n<h2>LA NOTIZIA \u00c8 USCITA: QUESTA POTREBBE ESSERE LA FINE DEL RISPARMIO DIURNO!<\/h2>\n<p>L&#8217;UE ha condotto un sondaggio online di recente che ha rivelato che la maggior parte dei cittadini europei non sono fan di impostare gli orologi avanti e indietro in autunno e primavera noto come Daylight Saving Ora, tutti i segnali indicano che l&#8217;UE si sbarazza della pratica; alcuni addirittura affermano di conoscere la data in cui questa decisione potrebbe entrare in vigore, leggi di pi\u00f9 QUI.<\/p>\n","protected":false},"excerpt":{"rendered":"<p>L&#8217;ora invernale inizier\u00e0 in Ungheria domenica 28 ottobre, quando gli orologi alle 3 del mattino saranno arretrati di un&#8217;ora. L&#8217;operatore del sistema di trasmissione di energia Mavir stima che il passaggio all&#8217;ora legale consente di risparmiare abbastanza elettricit\u00e0 per soddisfare la domanda di una citt\u00e0 di medie dimensioni. L&#8217;anno scorso, grazie al cambio degli orologi, [&hellip;]<\/p>\n","protected":false},"author":88,"featured_media":699807,"comment_status":"open","ping_status":"open","sticky":false,"template":"","format":"standard","meta":{"_display_image":"","footnotes":""},"categories":[1207],"tags":[1199],"class_list":["post-699806","post","type-post","status-publish","format-standard","has-post-thumbnail","hentry","category-societa-in-ungheria","tag-utile"],"blocksy_meta":[],"author_username":"alpar.kato","telegram_post":"","public_post_metadata":{"breaking_news":"","important":"","csempe":"","center_tile":"","disable_thumbnail":"","target_lang":"","_featured_image_style":"","telegram_post":"","_xlat_group_id":""},"public_rank_math_data":{"title":"%titolo% %sep% %nomesito%","description":"","focus_keyword":"","canonical_url":"","robots":"","primary_category":"1207","breadcrumb_title":"","facebook_title":"","facebook_description":"","facebook_image":"","facebook_image_id":"","twitter_title":"","twitter_description":"","twitter_image":"","twitter_image_id":"","twitter_card_type":"","twitter_use_facebook":"","advanced_robots":"","pillar_content":"","seo_score":"","contentai_score":"","rich_snippet":""},"_links":{"self":[{"href":"https:\/\/dailynewshungary.com\/it\/wp-json\/wp\/v2\/posts\/699806","targetHints":{"allow":["GET"]}}],"collection":[{"href":"https:\/\/dailynewshungary.com\/it\/wp-json\/wp\/v2\/posts"}],"about":[{"href":"https:\/\/dailynewshungary.com\/it\/wp-json\/wp\/v2\/types\/post"}],"author":[{"embeddable":true,"href":"https:\/\/dailynewshungary.com\/it\/wp-json\/wp\/v2\/users\/88"}],"replies":[{"embeddable":true,"href":"https:\/\/dailynewshungary.com\/it\/wp-json\/wp\/v2\/comments?post=699806"}],"version-history":[{"count":0,"href":"https:\/\/dailynewshungary.com\/it\/wp-json\/wp\/v2\/posts\/699806\/revisions"}],"wp:featuredmedia":[{"embeddable":true,"href":"https:\/\/dailynewshungary.com\/it\/wp-json\/wp\/v2\/media\/699807"}],"wp:attachment":[{"href":"https:\/\/dailynewshungary.com\/it\/wp-json\/wp\/v2\/media?parent=699806"}],"wp:term":[{"taxonomy":"category","embeddable":true,"href":"https:\/\/dailynewshungary.com\/it\/wp-json\/wp\/v2\/categories?post=699806"},{"taxonomy":"post_tag","embeddable":true,"href":"https:\/\/dailynewshungary.com\/it\/wp-json\/wp\/v2\/tags?post=699806"}],"curies":[{"name":"wp","href":"https:\/\/api.w.org\/{rel}","templated":true}]}}