{"id":700723,"date":"2018-09-19T21:30:37","date_gmt":"2018-09-19T19:30:37","guid":{"rendered":"https:\/\/dailynewshungary.com\/it\/szentkiralyi-kekkuti-asvanyviz-inaugura-lespansione-di-7-milioni-di-euro\/"},"modified":"2018-09-19T21:30:37","modified_gmt":"2018-09-19T19:30:37","slug":"szentkiralyi-kekkuti-asvanyviz-inaugura-lespansione-di-7-milioni-di-euro","status":"publish","type":"post","link":"https:\/\/dailynewshungary.com\/it\/szentkiralyi-kekkuti-asvanyviz-inaugura-lespansione-di-7-milioni-di-euro\/","title":{"rendered":"Szentkir\u00e1lyi-K\u00e9kk\u00fati \u00c1sv\u00e1nyv\u00edz inaugura l\u2019espansione di 7 milioni di euro"},"content":{"rendered":"<p><strong>Azienda di acqua minerale e bibite <a href=\"https:\/\/dailynewshungary.com\/it\/fondatore-di-szentkiralyi-che-riceve-la-pepsi-ungheria\/\" target=\"_blank\" rel=\"noopener\">Szentkir\u00e1lyi-K\u00e9kk\u00fati \u00c1sv\u00e1nyv\u00edz<\/a> mercoled\u00ec ha inaugurato uno stabilimento da 7 milioni di euro e una linea di imbottigliamento a Szentkir\u00e1ly, nell&#8217;Ungheria centrale.<\/strong><\/p>\n<blockquote>\n<p><span style=\"color: #0000ff;\">La nuova linea ha una capacit\u00e0 di riempire 32.000 bottiglie all&#8217;ora, ha dichiarato il CEO Levente Balogh.<\/span><\/p>\n<\/blockquote>\n<p>Il ministro dell&#8217;Agricoltura Istv\u00e1n Nagy ha partecipato alla <a href=\"https:\/\/dailynewshungary.com\/it\/lungheria-istituira-un-fondo-per-lo-sviluppo-idrico-da-200-milioni-di-euro\/\" target=\"_blank\" rel=\"noopener\">cerimonia inaugurazione<\/a>.<\/p>\n<p>Balogh ha collaborato con la famiglia italiana Pasquale nel 2015, fondendo la sua attivit\u00e0 Szentkir\u00e1lyi con il loro imbottigliatore ungherese K\u00e9kk\u00fati per formare Szentkiralyi-K\u00e9kk\u00fati.<\/p>\n<blockquote>\n<p><span style=\"color: #0000ff;\">L&#8217;azienda ha avuto un fatturato di 16 miliardi di fiorini (49,5 milioni di euro) lo scorso anno, come mostrano i registri pubblici. Impiega oltre 330 persone.<\/span><\/p>\n<\/blockquote>\n<p><em>Immagine in primo piano: MTI<\/em><\/p>\n","protected":false},"excerpt":{"rendered":"<p>Azienda di acqua minerale e bibite Szentkir\u00e1lyi-K\u00e9kk\u00fati \u00c1sv\u00e1nyv\u00edz mercoled\u00ec ha inaugurato uno stabilimento da 7 milioni di euro e una linea di imbottigliamento a Szentkir\u00e1ly, nell&#8217;Ungheria centrale. La nuova linea ha una capacit\u00e0 di riempire 32.000 bottiglie all&#8217;ora, ha dichiarato il CEO Levente Balogh. Il ministro dell&#8217;Agricoltura Istv\u00e1n Nagy ha partecipato alla cerimonia inaugurazione. Balogh [&hellip;]<\/p>\n","protected":false},"author":7,"featured_media":700724,"comment_status":"open","ping_status":"open","sticky":false,"template":"","format":"standard","meta":{"_display_image":"","footnotes":""},"categories":[1314],"tags":[1429,1260,1248,1956],"class_list":["post-700723","post","type-post","status-publish","format-standard","has-post-thumbnail","hentry","category-economia-in-ungheria","tag-acqua","tag-investimenti","tag-mercato-del-lavoro","tag-nuovi"],"blocksy_meta":[],"author_username":"Szandi","telegram_post":"","public_post_metadata":{"breaking_news":"","important":"","csempe":"","center_tile":"","disable_thumbnail":"","target_lang":"","_featured_image_style":"","telegram_post":"","_xlat_group_id":""},"public_rank_math_data":{"title":"%titolo% %sep% %nomesito%","description":"","focus_keyword":"","canonical_url":"","robots":"","primary_category":"1314","breadcrumb_title":"","facebook_title":"","facebook_description":"","facebook_image":"","facebook_image_id":"","twitter_title":"","twitter_description":"","twitter_image":"","twitter_image_id":"","twitter_card_type":"","twitter_use_facebook":"","advanced_robots":"","pillar_content":"","seo_score":"","contentai_score":"","rich_snippet":""},"_links":{"self":[{"href":"https:\/\/dailynewshungary.com\/it\/wp-json\/wp\/v2\/posts\/700723","targetHints":{"allow":["GET"]}}],"collection":[{"href":"https:\/\/dailynewshungary.com\/it\/wp-json\/wp\/v2\/posts"}],"about":[{"href":"https:\/\/dailynewshungary.com\/it\/wp-json\/wp\/v2\/types\/post"}],"author":[{"embeddable":true,"href":"https:\/\/dailynewshungary.com\/it\/wp-json\/wp\/v2\/users\/7"}],"replies":[{"embeddable":true,"href":"https:\/\/dailynewshungary.com\/it\/wp-json\/wp\/v2\/comments?post=700723"}],"version-history":[{"count":0,"href":"https:\/\/dailynewshungary.com\/it\/wp-json\/wp\/v2\/posts\/700723\/revisions"}],"wp:featuredmedia":[{"embeddable":true,"href":"https:\/\/dailynewshungary.com\/it\/wp-json\/wp\/v2\/media\/700724"}],"wp:attachment":[{"href":"https:\/\/dailynewshungary.com\/it\/wp-json\/wp\/v2\/media?parent=700723"}],"wp:term":[{"taxonomy":"category","embeddable":true,"href":"https:\/\/dailynewshungary.com\/it\/wp-json\/wp\/v2\/categories?post=700723"},{"taxonomy":"post_tag","embeddable":true,"href":"https:\/\/dailynewshungary.com\/it\/wp-json\/wp\/v2\/tags?post=700723"}],"curies":[{"name":"wp","href":"https:\/\/api.w.org\/{rel}","templated":true}]}}