{"id":701046,"date":"2018-09-06T21:30:20","date_gmt":"2018-09-06T19:30:20","guid":{"rendered":"https:\/\/dailynewshungary.com\/it\/la-produzione-industriale-dellungheria-aumenta-del-62-a-luglio\/"},"modified":"2018-09-06T21:30:20","modified_gmt":"2018-09-06T19:30:20","slug":"la-produzione-industriale-dellungheria-aumenta-del-62-a-luglio","status":"publish","type":"post","link":"https:\/\/dailynewshungary.com\/it\/la-produzione-industriale-dellungheria-aumenta-del-62-a-luglio\/","title":{"rendered":"La produzione industriale dell\u2019Ungheria aumenta del 6,2% a luglio"},"content":{"rendered":"<p><strong>La produzione industriale in Ungheria \u00e8 aumentata del 6,2% annuo a luglio, ha affermato gioved\u00ec l&#8217;Ufficio centrale di statistica (KSH) in una prima lettura dei dati.<\/strong><\/p>\n<p>Rettificato per il numero di giorni lavorativi, <a href=\"https:\/\/dailynewshungary.com\/it\/la-produzione-industriale-dellungheria-e-aumentata-del-42-a-giugno\/\" target=\"_blank\" rel=\"noopener\">la produzione \u00e8 aumentata del 3,9%.<\/a><\/p>\n<p>In un confronto mese su mese, la produzione \u00e8 scesa del 2,0%, al netto degli effetti stagionali e della giornata lavorativa.<\/p>\n<blockquote>\n<p><span style=\"color: #0000ff;\">Per il periodo gennaio-luglio, la produzione \u00e8 aumentata del 3,9% su base annua, ha affermato KSH.<\/span><\/p>\n<\/blockquote>\n<p>Commentando le cifre, il vice segretario di stato presso il ministero dell&#8217;innovazione e della tecnologia Gyula Pom\u00e1zi ha affermato che la produzione industriale si \u00e8 sviluppata in linea con le aspettative. Ha affermato che l&#8217;industria ha contribuito per 0,8 punti percentuali <a href=\"https:\/\/dailynewshungary.com\/it\/ungheria-q2-crescita-del-pil-rivista-fino-a-48-pz\/\" target=\"_blank\" rel=\"noopener\">Tasso di crescita del PIL dell&#8217;Ungheria del secondo trimestre del 4,8 per cento<\/a>.<\/p>\n<p>Pom\u00e1zi ha affermato che oltre all&#8217;industria automobilistica, si prevede che i segmenti della gomma, dei prodotti chimici e medici saranno motori della crescita della produzione per il resto dell&#8217;anno.<\/p>\n<p>L&#8217;analista capo di ING Bank, P\u00e9ter Virov\u00e1cz, ha affermato che la cifra principale, corretta per i giorni lavorativi, \u00e8 ben al di sotto del consenso del mercato dell&#8217;8% e potrebbe far presagire una crescita del PIL nel terzo trimestre peggiore del previsto.<\/p>\n<blockquote>\n<p><span style=\"color: #0000ff;\">Le chiusure delle case automobilistiche sono il probabile colpevole della debole crescita industriale, ha aggiunto.<\/span><\/p>\n<\/blockquote>\n<p>L&#8217;analista di Takar\u00e9kbank Gergely Supp\u00e1n ha anche affermato che le chiusure dell&#8217;industria automobilistica sono probabilmente responsabili del rallentamento della crescita nel settore. Ha stimato la crescita della produzione industriale per l\u2019intero anno al 4,8%, in calo rispetto al 5,3% del 2017.<\/p>\n","protected":false},"excerpt":{"rendered":"<p>La produzione industriale in Ungheria \u00e8 aumentata del 6,2% annuo a luglio, ha affermato gioved\u00ec l&#8217;Ufficio centrale di statistica (KSH) in una prima lettura dei dati. Rettificato per il numero di giorni lavorativi, la produzione \u00e8 aumentata del 3,9%. In un confronto mese su mese, la produzione \u00e8 scesa del 2,0%, al netto degli effetti [&hellip;]<\/p>\n","protected":false},"author":7,"featured_media":701047,"comment_status":"open","ping_status":"open","sticky":false,"template":"","format":"standard","meta":{"_display_image":"","footnotes":""},"categories":[1314],"tags":[1132,1259,1488,1260,1333,1373],"class_list":["post-701046","post","type-post","status-publish","format-standard","has-post-thumbnail","hentry","category-economia-in-ungheria","tag-economia","tag-edilizia","tag-industriale","tag-investimenti","tag-statistica","tag-tecnologia-2"],"blocksy_meta":[],"author_username":"Szandi","telegram_post":"","public_post_metadata":{"breaking_news":"","important":"","csempe":"","center_tile":"","disable_thumbnail":"","target_lang":"","_featured_image_style":"","telegram_post":"","_xlat_group_id":""},"public_rank_math_data":{"title":"%titolo% %sep% %nomesito%","description":"","focus_keyword":"","canonical_url":"","robots":"","primary_category":"1314","breadcrumb_title":"","facebook_title":"","facebook_description":"","facebook_image":"","facebook_image_id":"","twitter_title":"","twitter_description":"","twitter_image":"","twitter_image_id":"","twitter_card_type":"","twitter_use_facebook":"","advanced_robots":"","pillar_content":"","seo_score":"","contentai_score":"","rich_snippet":""},"_links":{"self":[{"href":"https:\/\/dailynewshungary.com\/it\/wp-json\/wp\/v2\/posts\/701046","targetHints":{"allow":["GET"]}}],"collection":[{"href":"https:\/\/dailynewshungary.com\/it\/wp-json\/wp\/v2\/posts"}],"about":[{"href":"https:\/\/dailynewshungary.com\/it\/wp-json\/wp\/v2\/types\/post"}],"author":[{"embeddable":true,"href":"https:\/\/dailynewshungary.com\/it\/wp-json\/wp\/v2\/users\/7"}],"replies":[{"embeddable":true,"href":"https:\/\/dailynewshungary.com\/it\/wp-json\/wp\/v2\/comments?post=701046"}],"version-history":[{"count":0,"href":"https:\/\/dailynewshungary.com\/it\/wp-json\/wp\/v2\/posts\/701046\/revisions"}],"wp:featuredmedia":[{"embeddable":true,"href":"https:\/\/dailynewshungary.com\/it\/wp-json\/wp\/v2\/media\/701047"}],"wp:attachment":[{"href":"https:\/\/dailynewshungary.com\/it\/wp-json\/wp\/v2\/media?parent=701046"}],"wp:term":[{"taxonomy":"category","embeddable":true,"href":"https:\/\/dailynewshungary.com\/it\/wp-json\/wp\/v2\/categories?post=701046"},{"taxonomy":"post_tag","embeddable":true,"href":"https:\/\/dailynewshungary.com\/it\/wp-json\/wp\/v2\/tags?post=701046"}],"curies":[{"name":"wp","href":"https:\/\/api.w.org\/{rel}","templated":true}]}}