{"id":701776,"date":"2018-08-07T14:50:16","date_gmt":"2018-08-07T12:50:16","guid":{"rendered":"https:\/\/dailynewshungary.com\/it\/la-produzione-industriale-dellungheria-e-aumentata-del-42-a-giugno\/"},"modified":"2018-08-07T14:50:16","modified_gmt":"2018-08-07T12:50:16","slug":"la-produzione-industriale-dellungheria-e-aumentata-del-42-a-giugno","status":"publish","type":"post","link":"https:\/\/dailynewshungary.com\/it\/la-produzione-industriale-dellungheria-e-aumentata-del-42-a-giugno\/","title":{"rendered":"La produzione industriale dell\u2019Ungheria \u00e8 aumentata del 4,2% a giugno"},"content":{"rendered":"<p><strong><a href=\"https:\/\/dailynewshungary.com\/it\/la-grande-rapina-al-treno-britannico-come-una-banda-di-15-uomini-rubo-26-milioni-di-sterline-nel-1963\/\" target=\"_blank\" rel=\"noopener\">Industriale<\/a> la produzione a giugno \u00e8 aumentata del 4,2% annuo in termini non corretti, ha affermato marted\u00ec l&#8217;Ufficio centrale di statistica (KSH) in una prima stima.<\/strong><\/p>\n<p>La produzione \u00e8 aumentata del 3,1% sulla base dei dati corretti per il numero di giorni lavorativi.<\/p>\n<p><a href=\"https:\/\/dailynewshungary.com\/it\/la-produzione-industriale-dellungheria-e-aumentata-dello-04-a-maggio\/\" target=\"_blank\" rel=\"noopener\">Rispetto al mese precedente,<\/a> la produzione destagionalizzata e corretta per i giorni lavorativi \u00e8 aumentata dell\u20191,2% a giugno.<\/p>\n<blockquote>\n<p><span style=\"color: #0000ff;\">Nei primi sei mesi dell&#8217;anno, la produzione \u00e8 stata superiore del 3,5% rispetto allo stesso periodo dell&#8217;anno scorso.<\/span><\/p>\n<\/blockquote>\n<p>Commentando i dati, il segretario di Stato L\u00e1szl\u00f3 Gy\u00f6rgy del ministero dell&#8217;innovazione e della tecnologia ha dichiarato alla televisione pubblica che la produzione industriale \u00e8 cresciuta pi\u00f9 rapidamente in Ungheria che in qualsiasi altro paese dell&#8217;Europa centrale dal 2014. Il motore della crescita di quest&#8217;anno \u00e8 l&#8217;industria elettronica con un tasso di crescita annuo del 53 per cento, ha detto l&#8217;industria ungherese sta cambiando strutturalmente, citando come esempi l&#8217;espansione dell&#8217;industria chimica (16,3 per cento) e dell&#8217;industria della gomma (11,8 per cento).<\/p>\n<blockquote>\n<p><span style=\"color: #0000ff;\">Il nuovo stabilimento BMW, che il colosso della produzione automobilistica ha annunciato di costruire nell&#8217;Ungheria orientale, dovrebbe da solo aumentare la crescita economica del paese di 0,5-1 punto percentuale, ha affermato.<\/span><\/p>\n<\/blockquote>\n<p>Uno statistico del KSH ha affermato che la crescita della produzione \u00e8 stata stimolata dall\u2019elettronica mentre la crescita nel settore alimentare \u00e8 stata intorno alla media. La produzione di veicoli \u00e8 stata leggermente inferiore alla media.<\/p>\n<p>L&#8217;analista Andr\u00e1s Horv\u00e1th di Takar\u00e9kbank ha affermato che la crescita della produzione potrebbe accelerare nei prossimi mesi con l&#8217;entrata in funzione di nuove capacit\u00e0 produttive e a causa dei bassi effetti base. \u00c8 un trend favorevole che le vendite interne svolgano un ruolo sempre pi\u00f9 importante grazie alla forte domanda.<\/p>\n<blockquote>\n<p><span style=\"color: #0000ff;\">La crescita della produzione non corretta potrebbe raggiungere il 5,3% per l\u2019anno dopo una crescita del 4,6% nel 2017.<\/span><\/p>\n<\/blockquote>\n<p>D\u00e1vid N\u00e9meth, capo analista di K e H Bank, ha affermato che la produzione industriale si sta rivelando piuttosto volatile quest&#8217;anno. Alcuni mesi straordinariamente buoni sono stati seguiti da quelli in cui la produzione \u00e8 diminuita. La crescita annuale della produzione sar\u00e0 probabilmente intorno al 4-5%, ha aggiunto.<\/p>\n<p>P\u00e9ter Virov\u00e1cz di ING Bank ha affermato che la crescita della produzione corretta del 3,1% a luglio \u00e8 stata inferiore alla crescita del 4% prevista dagli analisti di mercato.<\/p>\n","protected":false},"excerpt":{"rendered":"<p>Industriale la produzione a giugno \u00e8 aumentata del 4,2% annuo in termini non corretti, ha affermato marted\u00ec l&#8217;Ufficio centrale di statistica (KSH) in una prima stima. La produzione \u00e8 aumentata del 3,1% sulla base dei dati corretti per il numero di giorni lavorativi. Rispetto al mese precedente, la produzione destagionalizzata e corretta per i giorni [&hellip;]<\/p>\n","protected":false},"author":7,"featured_media":701777,"comment_status":"open","ping_status":"open","sticky":false,"template":"","format":"standard","meta":{"_display_image":"","footnotes":""},"categories":[1314],"tags":[1132,1488,1333],"class_list":["post-701776","post","type-post","status-publish","format-standard","has-post-thumbnail","hentry","category-economia-in-ungheria","tag-economia","tag-industriale","tag-statistica"],"blocksy_meta":[],"author_username":"Szandi","telegram_post":"","public_post_metadata":{"breaking_news":"","important":"","csempe":"","center_tile":"","disable_thumbnail":"","target_lang":"","_featured_image_style":"","telegram_post":"","_xlat_group_id":""},"public_rank_math_data":{"title":"%titolo% %sep% %nomesito%","description":"","focus_keyword":"","canonical_url":"","robots":"","primary_category":"1314","breadcrumb_title":"","facebook_title":"","facebook_description":"","facebook_image":"","facebook_image_id":"","twitter_title":"","twitter_description":"","twitter_image":"","twitter_image_id":"","twitter_card_type":"","twitter_use_facebook":"","advanced_robots":"","pillar_content":"","seo_score":"","contentai_score":"","rich_snippet":""},"_links":{"self":[{"href":"https:\/\/dailynewshungary.com\/it\/wp-json\/wp\/v2\/posts\/701776","targetHints":{"allow":["GET"]}}],"collection":[{"href":"https:\/\/dailynewshungary.com\/it\/wp-json\/wp\/v2\/posts"}],"about":[{"href":"https:\/\/dailynewshungary.com\/it\/wp-json\/wp\/v2\/types\/post"}],"author":[{"embeddable":true,"href":"https:\/\/dailynewshungary.com\/it\/wp-json\/wp\/v2\/users\/7"}],"replies":[{"embeddable":true,"href":"https:\/\/dailynewshungary.com\/it\/wp-json\/wp\/v2\/comments?post=701776"}],"version-history":[{"count":0,"href":"https:\/\/dailynewshungary.com\/it\/wp-json\/wp\/v2\/posts\/701776\/revisions"}],"wp:featuredmedia":[{"embeddable":true,"href":"https:\/\/dailynewshungary.com\/it\/wp-json\/wp\/v2\/media\/701777"}],"wp:attachment":[{"href":"https:\/\/dailynewshungary.com\/it\/wp-json\/wp\/v2\/media?parent=701776"}],"wp:term":[{"taxonomy":"category","embeddable":true,"href":"https:\/\/dailynewshungary.com\/it\/wp-json\/wp\/v2\/categories?post=701776"},{"taxonomy":"post_tag","embeddable":true,"href":"https:\/\/dailynewshungary.com\/it\/wp-json\/wp\/v2\/tags?post=701776"}],"curies":[{"name":"wp","href":"https:\/\/api.w.org\/{rel}","templated":true}]}}