{"id":701914,"date":"2018-08-02T08:45:09","date_gmt":"2018-08-02T06:45:09","guid":{"rendered":"https:\/\/dailynewshungary.com\/it\/alpinista-ungherese-mori-cadendo-dalle-scogliere-sulle-alpi\/"},"modified":"2018-08-02T08:45:09","modified_gmt":"2018-08-02T06:45:09","slug":"alpinista-ungherese-mori-cadendo-dalle-scogliere-sulle-alpi","status":"publish","type":"post","link":"https:\/\/dailynewshungary.com\/it\/alpinista-ungherese-mori-cadendo-dalle-scogliere-sulle-alpi\/","title":{"rendered":"Alpinista ungherese mor\u00ec cadendo dalle scogliere sulle Alpi"},"content":{"rendered":"<p><strong><a href=\"https:\/\/index.hu\/sport\/extremsport\/2018\/07\/31\/kiszamithatatlan_veletlen_okozta_a_hegymaszo_halalat\/\" rel=\"noopener\" target=\"_blank\">Indice.hu<\/a> scrive che un alpinista ungherese di 40 anni \u00e8 morto luned\u00ec sulle Alpi italiane, schiacciato da pietre di 10 metri cubi mentre scalava l&#8217;apice meridionale dell&#8217;Aiguille Noire de Peuterey.<\/strong><\/p>\n<p>Uno dei dipendenti di Index, Andr\u00e1s F\u00f6ldes, era in realt\u00e0 amico di Attila Gyetvai, il defunto architetto, e decise di mettersi in contatto con un alpinista scozzese di 33 anni che era legato a Gyetvai quando mor\u00ec.<\/p>\n<p style=\"text-align: center;\">[collegamento del pulsante=\u201dhttps:\/\/dailynewshungary.com\/mountain-climber-is-second-hungarian-woman-to-conquer-mount-everest\/\u201d newwindow=\u201d\u201d] La seconda donna ungherese \u00e8 arrivata in cima al Monte Everest un paio di settimane fa[\/pulsante]<\/p>\n<p>L&#8217;uomo scozzese ricord\u00f2 che Gyetvai stava accelerando fiducioso verso la cima, quando alle 12:56 sent\u00ec cadere la venuta di un&#8217;enorme scogliera. In quel momento l&#8217;uomo ungherese era gi\u00e0 fuori dalla vista dello scozzese; sent\u00ec solo le scogliere, le grida di Gyetvai e poi 5-10 metri cubi di rocce apparvero insieme a Gyetvai.<\/p>\n<p>Continua dicendo che la corda si \u00e8 stretta all&#8217;improvviso, ma da Gyetvai non arrivavano suoni, e lo scalatore scozzese ha pensato che l&#8217;uomo ungherese fosse stato picchiato contro il muro di pietra ed fosse svenuto.<\/p>\n<blockquote>\n<p><span style=\"color: #008080;\">&#8220;Poi ho sentito la corda allentarsi e ho capito che era stata tagliata dalle scogliere e Gyetvai \u00e8 scomparso da qualche parte&#8221;<\/span><\/p>\n<\/blockquote>\n<p>\u00e0mmina l&#8217;uomo scozzese, che ha chiamato subito i soccorritori di montagna.<\/p>\n<p>F\u00f6ldes sostiene che, in base a quanto raccolto dalla polizia e a quanto descritto dallo scalatore scozzese, l&#8217;incidente \u00e8 stato causato da circostanze incerte e non dall&#8217;incuria umana.<\/p>\n<p>[pulsante link=\u201dhttps:\/\/dailynewshungary.com\/tragedy-hungarian-climber-found-dead\/\u201d newwindow=\u201d\u201d] Un altro alpinista ungherese \u00e8 morto a settembre in Austria [\/pulsante]<\/p>\n<p><a href=\"http:\/\/hvg.hu\/vilag\/20180731_Meghalt_egy_magyar_hegymaszo_az_Alpokban\" rel=\"noopener\" target=\"_blank\">Heti Vil\u00e1ggazdas\u00e1g<\/a> riporta i rilievi della polizia italiana sulla base di un articolo scritto da un organo di informazione italiano, l&#8217;ANSA, Secondo questo l&#8217;uomo ungherese era davanti e ha perso l&#8217;equilibrio a causa della caduta di massi, poi la corda si \u00e8 stretta ed \u00e8 stata tagliata dalle rocce Cos\u00ec Gyetvai \u00e8 caduto nell&#8217;abisso che \u00e8 profondo diverse centinaia di metri.<\/p>\n<p><em>immagine in primo piano: Rcaucinocommons: R wikicommons<\/em><\/p>\n","protected":false},"excerpt":{"rendered":"<p>Indice.hu scrive che un alpinista ungherese di 40 anni \u00e8 morto luned\u00ec sulle Alpi italiane, schiacciato da pietre di 10 metri cubi mentre scalava l&#8217;apice meridionale dell&#8217;Aiguille Noire de Peuterey. Uno dei dipendenti di Index, Andr\u00e1s F\u00f6ldes, era in realt\u00e0 amico di Attila Gyetvai, il defunto architetto, e decise di mettersi in contatto con un [&hellip;]<\/p>\n","protected":false},"author":13,"featured_media":701915,"comment_status":"open","ping_status":"open","sticky":false,"template":"","format":"standard","meta":{"_display_image":"","footnotes":""},"categories":[1207],"tags":[1397,1375],"class_list":["post-701914","post","type-post","status-publish","format-standard","has-post-thumbnail","hentry","category-societa-in-ungheria","tag-incidente","tag-sport-allaria-aperta"],"blocksy_meta":[],"author_username":"kovacszsoka","telegram_post":"","public_post_metadata":{"breaking_news":"","important":"","csempe":"","center_tile":"","disable_thumbnail":"","target_lang":"","_featured_image_style":"","telegram_post":"","_xlat_group_id":""},"public_rank_math_data":{"title":"%titolo% %sep% %nomesito%","description":"","focus_keyword":"","canonical_url":"","robots":"","primary_category":"1207","breadcrumb_title":"","facebook_title":"","facebook_description":"","facebook_image":"","facebook_image_id":"","twitter_title":"","twitter_description":"","twitter_image":"","twitter_image_id":"","twitter_card_type":"","twitter_use_facebook":"","advanced_robots":"","pillar_content":"","seo_score":"","contentai_score":"","rich_snippet":""},"_links":{"self":[{"href":"https:\/\/dailynewshungary.com\/it\/wp-json\/wp\/v2\/posts\/701914","targetHints":{"allow":["GET"]}}],"collection":[{"href":"https:\/\/dailynewshungary.com\/it\/wp-json\/wp\/v2\/posts"}],"about":[{"href":"https:\/\/dailynewshungary.com\/it\/wp-json\/wp\/v2\/types\/post"}],"author":[{"embeddable":true,"href":"https:\/\/dailynewshungary.com\/it\/wp-json\/wp\/v2\/users\/13"}],"replies":[{"embeddable":true,"href":"https:\/\/dailynewshungary.com\/it\/wp-json\/wp\/v2\/comments?post=701914"}],"version-history":[{"count":0,"href":"https:\/\/dailynewshungary.com\/it\/wp-json\/wp\/v2\/posts\/701914\/revisions"}],"wp:featuredmedia":[{"embeddable":true,"href":"https:\/\/dailynewshungary.com\/it\/wp-json\/wp\/v2\/media\/701915"}],"wp:attachment":[{"href":"https:\/\/dailynewshungary.com\/it\/wp-json\/wp\/v2\/media?parent=701914"}],"wp:term":[{"taxonomy":"category","embeddable":true,"href":"https:\/\/dailynewshungary.com\/it\/wp-json\/wp\/v2\/categories?post=701914"},{"taxonomy":"post_tag","embeddable":true,"href":"https:\/\/dailynewshungary.com\/it\/wp-json\/wp\/v2\/tags?post=701914"}],"curies":[{"name":"wp","href":"https:\/\/api.w.org\/{rel}","templated":true}]}}