{"id":702491,"date":"2018-07-07T10:30:40","date_gmt":"2018-07-07T08:30:40","guid":{"rendered":"https:\/\/dailynewshungary.com\/it\/la-produzione-industriale-dellungheria-e-aumentata-dello-04-a-maggio\/"},"modified":"2018-07-07T10:30:40","modified_gmt":"2018-07-07T08:30:40","slug":"la-produzione-industriale-dellungheria-e-aumentata-dello-04-a-maggio","status":"publish","type":"post","link":"https:\/\/dailynewshungary.com\/it\/la-produzione-industriale-dellungheria-e-aumentata-dello-04-a-maggio\/","title":{"rendered":"La produzione industriale dell\u2019Ungheria \u00e8 aumentata dello 0,4% a maggio"},"content":{"rendered":"<p><strong>Ungherese <a href=\"https:\/\/dailynewshungary.com\/it\/la-grande-rapina-al-treno-britannico-come-una-banda-di-15-uomini-rubo-26-milioni-di-sterline-nel-1963\/\" target=\"_blank\" rel=\"noopener\">industriale<\/a> la produzione \u00e8 cresciuta dello 0,4% annuo a maggio, ha affermato venerd\u00ec l&#8217;Ufficio centrale di statistica (KSH) in prima lettura dei dati.<\/strong><\/p>\n<p>Adeguato al numero di giorni lavorativi di cui ce n&#8217;\u00e8 stato uno in pi\u00f9 nel periodo base, la produzione \u00e8 aumentata del 3,8%.<\/p>\n<p>Gli analisti hanno affermato a MTI che la crescita della produzione industriale potrebbe diventare nuovamente pi\u00f9 forte nei prossimi mesi grazie all&#8217;installazione di nuove capacit\u00e0 produttive e alle prospettive favorevoli.<\/p>\n<p>Lo ha osservato P\u00e9ter Virov\u00e1cz della ING Bank<\/p>\n<blockquote>\n<p>la crescita della produzione su base mensile \u00e8 stata l\u2019aumento pi\u00f9 forte quest\u2019anno.<\/p>\n<\/blockquote>\n<p>Andr\u00e1s Horv\u00e1th di Takar\u00e9kbank ha affermato che la crescita della produzione industriale corretta per i giorni lavorativi potrebbe accelerare al 6,5% quest\u2019anno dal 5,6% nel 2017 e la crescita non corretta al 6% dal 4,8% nel 2017.<\/p>\n<p>Come abbiamo scritto ieri,<\/p>\n<blockquote>\n<p>L&#8217;Ungheria occupa il secondo posto peggiore dal 2000 nei tassi di inflazione dell&#8217;UE, anche se negli ultimi anni le statistiche sull&#8217;inflazione a breve termine sono migliorate nel paese.<\/p>\n<\/blockquote>\n<p>I prezzi dei servizi pubblici e della sanit\u00e0 sono aumentati in modo significativo e sono maggiormente colpiti dall\u2019inflazione <a href=\"https:\/\/dailynewshungary.com\/it\/i-prezzi-dei-servizi-pubblici-e-della-sanita-ungheresi-aumentano-a-causa-dellinflazione\/\" target=\"_blank\" rel=\"noopener\">leggi di pi\u00f9 QUI<\/a>.<\/p>\n","protected":false},"excerpt":{"rendered":"<p>Ungherese industriale la produzione \u00e8 cresciuta dello 0,4% annuo a maggio, ha affermato venerd\u00ec l&#8217;Ufficio centrale di statistica (KSH) in prima lettura dei dati. Adeguato al numero di giorni lavorativi di cui ce n&#8217;\u00e8 stato uno in pi\u00f9 nel periodo base, la produzione \u00e8 aumentata del 3,8%. Gli analisti hanno affermato a MTI che la [&hellip;]<\/p>\n","protected":false},"author":2,"featured_media":702492,"comment_status":"open","ping_status":"open","sticky":false,"template":"","format":"standard","meta":{"_display_image":"","footnotes":""},"categories":[1314],"tags":[1132,1488],"class_list":["post-702491","post","type-post","status-publish","format-standard","has-post-thumbnail","hentry","category-economia-in-ungheria","tag-economia","tag-industriale"],"blocksy_meta":[],"author_username":"alk","telegram_post":"","public_post_metadata":{"breaking_news":"","important":"","csempe":"","center_tile":"","disable_thumbnail":"","target_lang":"","_featured_image_style":"","telegram_post":"","_xlat_group_id":""},"public_rank_math_data":{"title":"%titolo% %sep% %nomesito%","description":"","focus_keyword":"","canonical_url":"","robots":"","primary_category":"1314","breadcrumb_title":"","facebook_title":"","facebook_description":"","facebook_image":"","facebook_image_id":"","twitter_title":"","twitter_description":"","twitter_image":"","twitter_image_id":"","twitter_card_type":"","twitter_use_facebook":"","advanced_robots":"","pillar_content":"","seo_score":"","contentai_score":"","rich_snippet":""},"_links":{"self":[{"href":"https:\/\/dailynewshungary.com\/it\/wp-json\/wp\/v2\/posts\/702491","targetHints":{"allow":["GET"]}}],"collection":[{"href":"https:\/\/dailynewshungary.com\/it\/wp-json\/wp\/v2\/posts"}],"about":[{"href":"https:\/\/dailynewshungary.com\/it\/wp-json\/wp\/v2\/types\/post"}],"author":[{"embeddable":true,"href":"https:\/\/dailynewshungary.com\/it\/wp-json\/wp\/v2\/users\/2"}],"replies":[{"embeddable":true,"href":"https:\/\/dailynewshungary.com\/it\/wp-json\/wp\/v2\/comments?post=702491"}],"version-history":[{"count":0,"href":"https:\/\/dailynewshungary.com\/it\/wp-json\/wp\/v2\/posts\/702491\/revisions"}],"wp:featuredmedia":[{"embeddable":true,"href":"https:\/\/dailynewshungary.com\/it\/wp-json\/wp\/v2\/media\/702492"}],"wp:attachment":[{"href":"https:\/\/dailynewshungary.com\/it\/wp-json\/wp\/v2\/media?parent=702491"}],"wp:term":[{"taxonomy":"category","embeddable":true,"href":"https:\/\/dailynewshungary.com\/it\/wp-json\/wp\/v2\/categories?post=702491"},{"taxonomy":"post_tag","embeddable":true,"href":"https:\/\/dailynewshungary.com\/it\/wp-json\/wp\/v2\/tags?post=702491"}],"curies":[{"name":"wp","href":"https:\/\/api.w.org\/{rel}","templated":true}]}}