{"id":702640,"date":"2018-06-29T17:00:30","date_gmt":"2018-06-29T15:00:30","guid":{"rendered":"https:\/\/dailynewshungary.com\/it\/forze-armate-ungheresi-comprano-nuovi-elicotteri\/"},"modified":"2018-06-29T17:00:30","modified_gmt":"2018-06-29T15:00:30","slug":"forze-armate-ungheresi-comprano-nuovi-elicotteri","status":"publish","type":"post","link":"https:\/\/dailynewshungary.com\/it\/forze-armate-ungheresi-comprano-nuovi-elicotteri\/","title":{"rendered":"Forze armate ungheresi comprano nuovi elicotteri"},"content":{"rendered":"<p><strong>Venerd\u00ec il ministero della Difesa ha dichiarato di aver firmato un contratto per l&#8217;acquisto di 20 elicotteri militari multiruolo di medie dimensioni H145M da Airbus.<\/strong><\/p>\n<p>Gli elicotteri sostituiranno i vecchi elicotteri da trasporto Mi-8 e Mi-17 che presto raggiungeranno la fine del loro ciclo di vita, si legge.<\/p>\n<p>L&#8217;H145M fornisce il <a href=\"https:\/\/dailynewshungary.com\/it\/la-grande-rapina-al-treno-britannico-come-una-banda-di-15-uomini-rubo-26-milioni-di-sterline-nel-1963\/\" target=\"_blank\" rel=\"noopener\">Forze armate ungheresi<\/a> con tutte le soluzioni tattiche e tecniche necessarie. Airbus fornisce anche un pacchetto esteso di allestimento, formazione e supporto, ha affermato il ministero.<\/p>\n<p>Il ministero ha recentemente procurato alcuni piccoli aerei Zlin e un <a href=\"https:\/\/dailynewshungary.com\/it\/le-forze-armate-ungheresi-prevedono-di-acquistare-aerei-cargo-per-sostituire-la-vecchia-flotta-an-26\/\" target=\"_blank\" rel=\"noopener\">aereo da trasporto aereo multifunzionale Airbus A319<\/a>, e presto acquisir\u00e0 aerei da ricognizione pi\u00f9 piccoli e aerei pi\u00f9 grandi adatti al trasporto merci e ad altri compiti aviotrasportati.<\/p>\n<p>Come abbiamo scritto a marzo, l&#8217;esercito ungherese ha ricevuto 250 nuovi SUV Suzuki Vitara, per sostituire parte della sua flotta di veicoli per lo pi\u00f9 ventenni, ha detto a Budapest il ministro della Difesa Istv\u00e1n Simicsk\u00f3 <a href=\"https:\/\/dailynewshungary.com\/it\/lesercito-ungherese-riceve-250-nuove-auto\/\" target=\"_blank\" rel=\"noopener\">leggi di pi\u00f9 QUI<\/a>.<\/p>\n<h2>Airbus H145M<\/h2>\n<p>Come il<a href=\"http:\/\/www.airbus.com\/helicopters\/military-helicopters\/light\/h145m.html\" target=\"_blank\" rel=\"noopener\"> airbushelicopters.com<\/a> detto,<\/p>\n<blockquote>\n<p>una caratteristica fondamentale dell&#8217;H145M \u00e8 l&#8217;ampia gamma di pacchetti di equipaggiamento di missione opzionale disponibili che possono essere rapidamente installati e rimossi, in base ai requisiti della missione In pochi minuti, l&#8217;aereo pu\u00f2 essere riconfigurato dal trasporto truppe con sedili a una missione di ricerca e salvataggio con paranco di salvataggio e barelle, o a esploratore armato con un set di armi e protezione balistica.<\/p>\n<\/blockquote>\n<p>Secondo Airbus, la potenza, l&#8217;autonomia, la resistenza e la capacit\u00e0 di carico utile dell&#8217;H145M offrono una variet\u00e0 di possibilit\u00e0 di impiego, soprattutto quando si opera in sabbia e polvere e in condizioni elevate e calde ad altitudini di 6.000 piedi e temperature di 95\u00b0 F.<\/p>\n<p><em>Foto: airbushelicopters.com<\/em><\/p>\n","protected":false},"excerpt":{"rendered":"<p>Venerd\u00ec il ministero della Difesa ha dichiarato di aver firmato un contratto per l&#8217;acquisto di 20 elicotteri militari multiruolo di medie dimensioni H145M da Airbus. Gli elicotteri sostituiranno i vecchi elicotteri da trasporto Mi-8 e Mi-17 che presto raggiungeranno la fine del loro ciclo di vita, si legge. L&#8217;H145M fornisce il Forze armate ungheresi con [&hellip;]<\/p>\n","protected":false},"author":2,"featured_media":702641,"comment_status":"open","ping_status":"open","sticky":false,"template":"","format":"standard","meta":{"_display_image":"","footnotes":""},"categories":[1314],"tags":[1559,1142,1260],"class_list":["post-702640","post","type-post","status-publish","format-standard","has-post-thumbnail","hentry","category-economia-in-ungheria","tag-aria","tag-esercito","tag-investimenti"],"blocksy_meta":[],"author_username":"alk","telegram_post":"","public_post_metadata":{"breaking_news":"","important":"","csempe":"","center_tile":"","disable_thumbnail":"","target_lang":"","_featured_image_style":"","telegram_post":"","_xlat_group_id":""},"public_rank_math_data":{"title":"%titolo% %sep% %nomesito%","description":"Venerd\u00ec il ministero della Difesa ha dichiarato di aver firmato un contratto per l'acquisto di 20 elicotteri militari multiruolo di medie dimensioni H145M da Airbus.","focus_keyword":"elicotteri","canonical_url":"","robots":"","primary_category":"1314","breadcrumb_title":"","facebook_title":"","facebook_description":"","facebook_image":"","facebook_image_id":"","twitter_title":"","twitter_description":"","twitter_image":"","twitter_image_id":"","twitter_card_type":"","twitter_use_facebook":"","advanced_robots":"","pillar_content":"","seo_score":"69","contentai_score":"","rich_snippet":""},"_links":{"self":[{"href":"https:\/\/dailynewshungary.com\/it\/wp-json\/wp\/v2\/posts\/702640","targetHints":{"allow":["GET"]}}],"collection":[{"href":"https:\/\/dailynewshungary.com\/it\/wp-json\/wp\/v2\/posts"}],"about":[{"href":"https:\/\/dailynewshungary.com\/it\/wp-json\/wp\/v2\/types\/post"}],"author":[{"embeddable":true,"href":"https:\/\/dailynewshungary.com\/it\/wp-json\/wp\/v2\/users\/2"}],"replies":[{"embeddable":true,"href":"https:\/\/dailynewshungary.com\/it\/wp-json\/wp\/v2\/comments?post=702640"}],"version-history":[{"count":0,"href":"https:\/\/dailynewshungary.com\/it\/wp-json\/wp\/v2\/posts\/702640\/revisions"}],"wp:featuredmedia":[{"embeddable":true,"href":"https:\/\/dailynewshungary.com\/it\/wp-json\/wp\/v2\/media\/702641"}],"wp:attachment":[{"href":"https:\/\/dailynewshungary.com\/it\/wp-json\/wp\/v2\/media?parent=702640"}],"wp:term":[{"taxonomy":"category","embeddable":true,"href":"https:\/\/dailynewshungary.com\/it\/wp-json\/wp\/v2\/categories?post=702640"},{"taxonomy":"post_tag","embeddable":true,"href":"https:\/\/dailynewshungary.com\/it\/wp-json\/wp\/v2\/tags?post=702640"}],"curies":[{"name":"wp","href":"https:\/\/api.w.org\/{rel}","templated":true}]}}