{"id":702649,"date":"2018-06-29T12:30:53","date_gmt":"2018-06-29T10:30:53","guid":{"rendered":"https:\/\/dailynewshungary.com\/it\/il-campionato-europeo-juniores-sincronizzato-da-un-pov-ungherese\/"},"modified":"2018-06-29T12:30:53","modified_gmt":"2018-06-29T10:30:53","slug":"il-campionato-europeo-juniores-sincronizzato-da-un-pov-ungherese","status":"publish","type":"post","link":"https:\/\/dailynewshungary.com\/it\/il-campionato-europeo-juniores-sincronizzato-da-un-pov-ungherese\/","title":{"rendered":"Il Campionato Europeo Juniores Sincronizzato da un POV ungherese"},"content":{"rendered":"<p><strong>Portale di notizie ungherese<a href=\"https:\/\/frissmedia.hu\/hir\/igy-szerepeltek-a-mieink-ma-a-junior-muuszo-eb-n\/7825\" target=\"_blank\" rel=\"noopener noreferrer\"> Frissm\u00e9dia<\/a> riferisce che la squadra ungherese si \u00e8 classificata decima nella seconda giornata del Campionato Europeo Juniores Sincronizzato in Finlandia Continua a leggere per scoprire i dettagli.<\/strong><\/p>\n<p>Gli Europei Juniores <a href=\"https:\/\/dailynewshungary.com\/it\/fina-art-swimming-world-series-a-budapest-tutti-i-dettagli-e-le-foto\/\" target=\"_blank\" rel=\"noopener noreferrer\">Campionato sincronizzato<\/a> si svolge a Tampere, dove mercoled\u00ec si sono sfidate quindici squadre, tra cui la crema dei nuotatori sincronizzati ungheresi.<\/p>\n<p>Come scrive Frissm\u00e9dia, il riscaldamento non and\u00f2 bene per la squadra ungherese, ma pot\u00e9 rimediare alle perdite subite l\u00ec durante la competizione.<\/p>\n<blockquote>\n<p><span style=\"color: #008080;\">Gli juniores ungheresi sono approdati al decimo posto.<\/span><\/p>\n<\/blockquote>\n<p>Il punteggio \u00e8 molto importante nel nuoto sincronizzato e poich\u00e9 mercoled\u00ec la squadra ungherese non \u00e8 riuscita a segnare, la squadra si trova ad affrontare serie aspettative per l&#8217;imminente <a href=\"https:\/\/dailynewshungary.com\/it\/campionati-del-mondo-junior-di-nuoto-artistico-fina-che-partiranno-il-18-luglio-a-budapest\/\" target=\"_blank\" rel=\"noopener noreferrer\">Campionato del Mondo che Budapest<\/a> ospiter\u00e0 tra tre settimane Il decimo posto \u00e8 di per s\u00e9 positivo secondo i professionisti, ma la squadra ungherese ha ottime possibilit\u00e0 di piazzarsi pi\u00f9 in alto a Budapest.<\/p>\n<p>La squadra ungherese \u00e8 composta da Janka D\u00e1v G\u00e1cs, Bogl\u00e1rka G\u00e1cs Mira Merstenkorn, Szabina Hungler (Anna Ap\u00e1thy 2) Kassai, Anna Szab\u00f3 (Magrka G\u00e1cs), Mesabina Hungler (Mzabina Hungler) Anna D\u00f3ra Kassai, Anna Szab\u00f3 (Misona Szab\u00f3).<\/p>\n<p>Mercoled\u00ec la Russia si \u00e8 classificata prima (punteggio: 91.4601), l&#8217;Ucraina seconda (88.7496), la Spagna terza (85.4542). L&#8217;Ungheria si \u00e8 classificata decima con un punteggio di 74.5632, preceduta dalla Gran Bretagna (76.5742).<\/p>\n<p><em>Foto: facebook.com\/szinkronuszas<\/em><\/p>\n","protected":false},"excerpt":{"rendered":"<p>Portale di notizie ungherese Frissm\u00e9dia riferisce che la squadra ungherese si \u00e8 classificata decima nella seconda giornata del Campionato Europeo Juniores Sincronizzato in Finlandia Continua a leggere per scoprire i dettagli. Gli Europei Juniores Campionato sincronizzato si svolge a Tampere, dove mercoled\u00ec si sono sfidate quindici squadre, tra cui la crema dei nuotatori sincronizzati ungheresi. [&hellip;]<\/p>\n","protected":false},"author":13,"featured_media":0,"comment_status":"open","ping_status":"open","sticky":false,"template":"","format":"standard","meta":{"_display_image":"","footnotes":""},"categories":[1268],"tags":[1429,1723,1592],"class_list":["post-702649","post","type-post","status-publish","format-standard","hentry","category-sport","tag-acqua","tag-campionato-europeo","tag-nuoto"],"blocksy_meta":[],"author_username":"kovacszsoka","telegram_post":"","public_post_metadata":{"breaking_news":"","important":"","csempe":"","center_tile":"","disable_thumbnail":"","target_lang":"","_featured_image_style":"","telegram_post":"","_xlat_group_id":""},"public_rank_math_data":{"title":"%titolo% %sep% %nomesito%","description":"La squadra ungherese si \u00e8 classificata decima nella seconda giornata del Campionato Europeo Juniores Sincronizzato in Finlandia","focus_keyword":"nuoto sincronizzato","canonical_url":"","robots":"","primary_category":"1268","breadcrumb_title":"","facebook_title":"","facebook_description":"","facebook_image":"","facebook_image_id":"","twitter_title":"","twitter_description":"","twitter_image":"","twitter_image_id":"","twitter_card_type":"","twitter_use_facebook":"","advanced_robots":"","pillar_content":"","seo_score":"19","contentai_score":"","rich_snippet":""},"_links":{"self":[{"href":"https:\/\/dailynewshungary.com\/it\/wp-json\/wp\/v2\/posts\/702649","targetHints":{"allow":["GET"]}}],"collection":[{"href":"https:\/\/dailynewshungary.com\/it\/wp-json\/wp\/v2\/posts"}],"about":[{"href":"https:\/\/dailynewshungary.com\/it\/wp-json\/wp\/v2\/types\/post"}],"author":[{"embeddable":true,"href":"https:\/\/dailynewshungary.com\/it\/wp-json\/wp\/v2\/users\/13"}],"replies":[{"embeddable":true,"href":"https:\/\/dailynewshungary.com\/it\/wp-json\/wp\/v2\/comments?post=702649"}],"version-history":[{"count":0,"href":"https:\/\/dailynewshungary.com\/it\/wp-json\/wp\/v2\/posts\/702649\/revisions"}],"wp:attachment":[{"href":"https:\/\/dailynewshungary.com\/it\/wp-json\/wp\/v2\/media?parent=702649"}],"wp:term":[{"taxonomy":"category","embeddable":true,"href":"https:\/\/dailynewshungary.com\/it\/wp-json\/wp\/v2\/categories?post=702649"},{"taxonomy":"post_tag","embeddable":true,"href":"https:\/\/dailynewshungary.com\/it\/wp-json\/wp\/v2\/tags?post=702649"}],"curies":[{"name":"wp","href":"https:\/\/api.w.org\/{rel}","templated":true}]}}