{"id":702754,"date":"2018-06-25T14:50:29","date_gmt":"2018-06-25T12:50:29","guid":{"rendered":"https:\/\/dailynewshungary.com\/it\/ministro-degli-esteri-la-regione-di-maggior-successo-dellue-in-europa-centrale\/"},"modified":"2018-06-25T14:50:29","modified_gmt":"2018-06-25T12:50:29","slug":"ministro-degli-esteri-la-regione-di-maggior-successo-dellue-in-europa-centrale","status":"publish","type":"post","link":"https:\/\/dailynewshungary.com\/it\/ministro-degli-esteri-la-regione-di-maggior-successo-dellue-in-europa-centrale\/","title":{"rendered":"Ministro degli Esteri: la regione di maggior successo dell\u2019UE in Europa centrale"},"content":{"rendered":"<div class=\"leadNews\">\n<p><strong>L&#8217;Europa centrale \u00e8 oggi la regione di maggior successo dell&#8217;Unione europea, ha detto luned\u00ec a Londra il ministro degli Esteri ungherese.<\/strong><\/p>\n<p>P\u00e9ter Szijj\u00e1rt\u00f3, in un discorso ad un forum introduttivo dei leader della borsa del Gruppo Visegr\u00e1d alla Borsa di Londra, ha affermato che <a href=\"https:\/\/dailynewshungary.com\/it\/la-grande-rapina-al-treno-britannico-come-una-banda-di-15-uomini-rubo-26-milioni-di-sterline-nel-1963\/\" target=\"_blank\" rel=\"noopener\">V4 paesi della Repubblica Ceca, Ungheria, Polonia e Slovacchia<\/a> fornito il punto di riferimento per la performance economica dell\u2019Europa centrale.<\/p>\n<blockquote>\n<p><span style=\"color: #0000ff;\">Non \u00e8 pi\u00f9 esagerato affermare che l\u2019Europa centrale, e in particolare<a href=\"https:\/\/dailynewshungary.com\/orban-visegrad-groups-success-behind-brussels-attacks\/\" target=\"_blank\" rel=\"noopener\"> l&#8217;alleanza V4 sta diventando il motore di crescita dell&#8217;UE<\/a> Szijj\u00e1rt\u00f3 ha detto.<\/span><\/p>\n<\/blockquote>\n<p>Ha osservato che il fatturato commerciale bilaterale tra la Germania e il V4 lo scorso anno ha superato del 65% il fatturato commerciale annuale franco-tedesco.<\/p>\n<blockquote>\n<p><span style=\"color: #0000ff;\">Ci\u00f2 dimostra chiaramente che l&#8217;asse economico e la fonte di competitivit\u00e0 dell&#8217;Europa si sono spostati dall&#8217;Europa occidentale all&#8217;Europa centrale, ha affermato il ministro.<\/span><\/p>\n<\/blockquote>\n<p>Ha osservato che lo scorso anno il PIL del Gruppo Visegr\u00e1d \u00e8 cresciuto in media del 4,1%, ben al di sopra del tasso del 2,4% per l\u2019UE nel suo insieme.<\/p>\n<p>\u201cConfrontando le due cifre si capisce perch\u00e9 osiamo dire che siamo diventati il motore della crescita in Europa, ha detto\u201d Szijj\u00e1rt\u00f3.<\/p>\n<blockquote>\n<p><span style=\"color: #0000ff;\">Ha detto che il numero totale di occupati nei paesi V4 lo scorso anno \u00e8 stato di 30 milioni, mentre il tasso medio di disoccupazione \u00e8 stato del 5%.<\/span><\/p>\n<\/blockquote>\n<p>Il rapporto medio debito pubblico-PIL era del 52 per cento, rispetto alla media UE dell&#8217;82 per cento, ha aggiunto Il ministro ha detto che questa \u00e8 una prova evidente della disciplina fiscale esercitata nei quattro paesi.<\/p>\n<p>Tutto ci\u00f2, insieme alla crescita annuale del 10% delle esportazioni, dimostra quanto sia competitiva l\u2019Europa centrale come regione, ha affermato Szijj\u00e1rt\u00f3.<\/p>\n<blockquote>\n<p><span style=\"color: #0000ff;\">Con la sua bassa imposta sul reddito delle persone fisiche a un&#8217;aliquota e l&#8217;unica aliquota dell&#8217;imposta sulle societ\u00e0 a una cifra in Europa, l&#8217;Ungheria ha visto un aumento radicale degli investimenti, ha affermato.<\/span><\/p>\n<\/blockquote>\n<p>Sul tema della Brexit, Szijj\u00e1rt\u00f3 ha detto che l&#8217;Ungheria non ha alcun interesse a inserirsi nel dibattito su una Brexit soft o su una hard Ungheria crede nella necessit\u00e0 di un accordo sulla Brexit equo accoppiato con il pi\u00f9 profondo e completo accordo di libero scambio UE-Regno Unito possibile, ha aggiunto.<\/p>\n<p><em>Immagine in primo piano: MTI<\/em><\/p>\n<\/div>\n","protected":false},"excerpt":{"rendered":"<p>L&#8217;Europa centrale \u00e8 oggi la regione di maggior successo dell&#8217;Unione europea, ha detto luned\u00ec a Londra il ministro degli Esteri ungherese. P\u00e9ter Szijj\u00e1rt\u00f3, in un discorso ad un forum introduttivo dei leader della borsa del Gruppo Visegr\u00e1d alla Borsa di Londra, ha affermato che V4 paesi della Repubblica Ceca, Ungheria, Polonia e Slovacchia fornito il [&hellip;]<\/p>\n","protected":false},"author":7,"featured_media":702755,"comment_status":"open","ping_status":"open","sticky":false,"template":"","format":"standard","meta":{"_display_image":"","footnotes":""},"categories":[1185],"tags":[1132,1340,1075,1363],"class_list":["post-702754","post","type-post","status-publish","format-standard","has-post-thumbnail","hentry","category-politica-in-ungheria","tag-economia","tag-europa-centrale","tag-unione-europea","tag-visegrad-quattro"],"blocksy_meta":[],"author_username":"Szandi","telegram_post":"","public_post_metadata":{"breaking_news":"","important":"","csempe":"","center_tile":"","disable_thumbnail":"","target_lang":"","_featured_image_style":"","telegram_post":"","_xlat_group_id":""},"public_rank_math_data":{"title":"%titolo% %sep% %nomesito%","description":"L'Europa centrale \u00e8 oggi la regione di maggior successo dell'Unione europea, ha detto luned\u00ec a Londra il ministro degli Esteri ungherese.","focus_keyword":"regione","canonical_url":"","robots":"","primary_category":"1185","breadcrumb_title":"","facebook_title":"","facebook_description":"","facebook_image":"","facebook_image_id":"","twitter_title":"","twitter_description":"","twitter_image":"","twitter_image_id":"","twitter_card_type":"","twitter_use_facebook":"","advanced_robots":"","pillar_content":"","seo_score":"59","contentai_score":"","rich_snippet":""},"_links":{"self":[{"href":"https:\/\/dailynewshungary.com\/it\/wp-json\/wp\/v2\/posts\/702754","targetHints":{"allow":["GET"]}}],"collection":[{"href":"https:\/\/dailynewshungary.com\/it\/wp-json\/wp\/v2\/posts"}],"about":[{"href":"https:\/\/dailynewshungary.com\/it\/wp-json\/wp\/v2\/types\/post"}],"author":[{"embeddable":true,"href":"https:\/\/dailynewshungary.com\/it\/wp-json\/wp\/v2\/users\/7"}],"replies":[{"embeddable":true,"href":"https:\/\/dailynewshungary.com\/it\/wp-json\/wp\/v2\/comments?post=702754"}],"version-history":[{"count":0,"href":"https:\/\/dailynewshungary.com\/it\/wp-json\/wp\/v2\/posts\/702754\/revisions"}],"wp:featuredmedia":[{"embeddable":true,"href":"https:\/\/dailynewshungary.com\/it\/wp-json\/wp\/v2\/media\/702755"}],"wp:attachment":[{"href":"https:\/\/dailynewshungary.com\/it\/wp-json\/wp\/v2\/media?parent=702754"}],"wp:term":[{"taxonomy":"category","embeddable":true,"href":"https:\/\/dailynewshungary.com\/it\/wp-json\/wp\/v2\/categories?post=702754"},{"taxonomy":"post_tag","embeddable":true,"href":"https:\/\/dailynewshungary.com\/it\/wp-json\/wp\/v2\/tags?post=702754"}],"curies":[{"name":"wp","href":"https:\/\/api.w.org\/{rel}","templated":true}]}}