{"id":702986,"date":"2018-06-16T11:30:24","date_gmt":"2018-06-16T09:30:24","guid":{"rendered":"https:\/\/dailynewshungary.com\/it\/il-governo-ungherese-preparera-un-piano-dazione-per-promuovere-gli-investimenti\/"},"modified":"2018-06-16T11:30:24","modified_gmt":"2018-06-16T09:30:24","slug":"il-governo-ungherese-preparera-un-piano-dazione-per-promuovere-gli-investimenti","status":"publish","type":"post","link":"https:\/\/dailynewshungary.com\/it\/il-governo-ungherese-preparera-un-piano-dazione-per-promuovere-gli-investimenti\/","title":{"rendered":"Il governo ungherese preparer\u00e0 un piano d\u2019azione per promuovere gli investimenti"},"content":{"rendered":"<p><strong>Il governo preparer\u00e0 un piano per rendere l&#8217;Ungheria una destinazione ancora pi\u00f9 attraente per <a href=\"https:\/\/dailynewshungary.com\/it\/la-grande-rapina-al-treno-britannico-come-una-banda-di-15-uomini-rubo-26-milioni-di-sterline-nel-1963\/\" target=\"_blank\" rel=\"noopener\">investimento<\/a>\u201c, ha detto venerd\u00ec il ministro degli Esteri ad un forum imprenditoriale organizzato dalla Camera di commercio americana.<\/strong><\/p>\n<p>P\u00e9ter Szijj\u00e1rt\u00f3 ha affermato che il piano sar\u00e0 preparato in collaborazione con il ministro dell&#8217;innovazione e della tecnologia L\u00e1szl\u00f3 Palkovics sulla base della proposta ricevuta alla fine di giugno.<\/p>\n<p>Su un altro argomento, Szijj\u00e1rt\u00f3 ha detto questo<\/p>\n<blockquote>\n<p>il suo governo \u00e8 contrario ai piani per unificare gli scaglioni fiscali in tutta Europa perch\u00e9 \u201cit assegnerebbe una revoca alle politiche economiche irresponsabili.<\/p>\n<\/blockquote>\n<p>I tagli fiscali dovrebbero seguire i risultati politici ed economici, non sono dati per la libera\u201d, ha detto Szijj\u00e1rt\u00f3. Ha insistito sul fatto che \u201cnon tutti i membri dell&#8217;UE\u201d hanno consolidato le loro politiche fiscali e non possono permettersi di tagliare le tasse.<\/p>\n<p>Szijj\u00e1rt\u00f3 ha anche affermato che i legami economici tra l&#8217;Europa, <a href=\"https:\/\/dailynewshungary.com\/it\/la-grande-rapina-al-treno-britannico-come-una-banda-di-15-uomini-rubo-26-milioni-di-sterline-nel-1963\/\" target=\"_blank\" rel=\"noopener\">gli Usa<\/a> e la Cina \u00e8 indebolita dalle controversie commerciali, che \u201cdovrebbe essere evitata\u201d Ha osservato che le esportazioni rappresentavano il 90% del PIL ungherese, tre quarti di quelle esportazioni andavano in Europa mentre Stati Uniti e Cina erano il secondo e il terzo partner commerciale del paese.<\/p>\n<blockquote>\n<p>L&#8217;Ungheria ha un interesse per il libero scambio che \u201c offre pari opportunit\u00e0 a tutti, ha aggiunto.<\/p>\n<\/blockquote>\n","protected":false},"excerpt":{"rendered":"<p>Il governo preparer\u00e0 un piano per rendere l&#8217;Ungheria una destinazione ancora pi\u00f9 attraente per investimento\u201c, ha detto venerd\u00ec il ministro degli Esteri ad un forum imprenditoriale organizzato dalla Camera di commercio americana. P\u00e9ter Szijj\u00e1rt\u00f3 ha affermato che il piano sar\u00e0 preparato in collaborazione con il ministro dell&#8217;innovazione e della tecnologia L\u00e1szl\u00f3 Palkovics sulla base della [&hellip;]<\/p>\n","protected":false},"author":2,"featured_media":702987,"comment_status":"open","ping_status":"open","sticky":false,"template":"","format":"standard","meta":{"_display_image":"","footnotes":""},"categories":[1314],"tags":[1518,1260,1092,1111],"class_list":["post-702986","post","type-post","status-publish","format-standard","has-post-thumbnail","hentry","category-economia-in-ungheria","tag-conferenza","tag-investimenti","tag-ministero-degli-affari-esteri-dellungheria","tag-stati-uniti"],"blocksy_meta":[],"author_username":"alk","telegram_post":"","public_post_metadata":{"breaking_news":"","important":"","csempe":"","center_tile":"","disable_thumbnail":"","target_lang":"","_featured_image_style":"","telegram_post":"","_xlat_group_id":""},"public_rank_math_data":{"title":"%titolo% %sep% %nomesito%","description":"Il governo preparer\u00e0 un piano per \"rendere l'Ungheria una destinazione ancora pi\u00f9 attraente per gli investimenti\", ha detto venerd\u00ec il ministro degli Esteri a un forum imprenditoriale organizzato dalla Camera di commercio americana.","focus_keyword":"investimento","canonical_url":"","robots":"","primary_category":"1314","breadcrumb_title":"","facebook_title":"","facebook_description":"","facebook_image":"","facebook_image_id":"","twitter_title":"","twitter_description":"","twitter_image":"","twitter_image_id":"","twitter_card_type":"","twitter_use_facebook":"","advanced_robots":"","pillar_content":"","seo_score":"59","contentai_score":"","rich_snippet":""},"_links":{"self":[{"href":"https:\/\/dailynewshungary.com\/it\/wp-json\/wp\/v2\/posts\/702986","targetHints":{"allow":["GET"]}}],"collection":[{"href":"https:\/\/dailynewshungary.com\/it\/wp-json\/wp\/v2\/posts"}],"about":[{"href":"https:\/\/dailynewshungary.com\/it\/wp-json\/wp\/v2\/types\/post"}],"author":[{"embeddable":true,"href":"https:\/\/dailynewshungary.com\/it\/wp-json\/wp\/v2\/users\/2"}],"replies":[{"embeddable":true,"href":"https:\/\/dailynewshungary.com\/it\/wp-json\/wp\/v2\/comments?post=702986"}],"version-history":[{"count":0,"href":"https:\/\/dailynewshungary.com\/it\/wp-json\/wp\/v2\/posts\/702986\/revisions"}],"wp:featuredmedia":[{"embeddable":true,"href":"https:\/\/dailynewshungary.com\/it\/wp-json\/wp\/v2\/media\/702987"}],"wp:attachment":[{"href":"https:\/\/dailynewshungary.com\/it\/wp-json\/wp\/v2\/media?parent=702986"}],"wp:term":[{"taxonomy":"category","embeddable":true,"href":"https:\/\/dailynewshungary.com\/it\/wp-json\/wp\/v2\/categories?post=702986"},{"taxonomy":"post_tag","embeddable":true,"href":"https:\/\/dailynewshungary.com\/it\/wp-json\/wp\/v2\/tags?post=702986"}],"curies":[{"name":"wp","href":"https:\/\/api.w.org\/{rel}","templated":true}]}}