{"id":703545,"date":"2018-05-25T09:30:26","date_gmt":"2018-05-25T07:30:26","guid":{"rendered":"https:\/\/dailynewshungary.com\/it\/lex-capo-stratega-di-trump-bannon-orban-sotto-attacco-da-quando-e-diventato-una-figura-politica-mondiale\/"},"modified":"2018-05-25T09:30:26","modified_gmt":"2018-05-25T07:30:26","slug":"lex-capo-stratega-di-trump-bannon-orban-sotto-attacco-da-quando-e-diventato-una-figura-politica-mondiale","status":"publish","type":"post","link":"https:\/\/dailynewshungary.com\/it\/lex-capo-stratega-di-trump-bannon-orban-sotto-attacco-da-quando-e-diventato-una-figura-politica-mondiale\/","title":{"rendered":"L\u2019ex capo stratega di Trump, Bannon: Orb\u00e1n sotto attacco da quando \u00e8 diventato una \u201cfigura politica mondiale\u201d"},"content":{"rendered":"<p><strong>Gli europei si sono stancati di essere dettati da persone provenienti da Bruxelles, ha detto Steve Bannon, l&#8217;ex capo stratega e consigliere per la campagna del presidente degli Stati Uniti Donald Trump, in un&#8217;intervista al canale di notizie pubbliche M1, aggiungendo che il primo ministro Viktor Orb\u00e1n era diventato \u2018una figura politica mondiale\u2019, e questo \u00e8 il motivo per cui era stato attaccato.<\/strong><\/p>\n<p>\u201c<a href=\"https:\/\/dailynewshungary.com\/it\/la-grande-rapina-al-treno-britannico-come-una-banda-di-15-uomini-rubo-26-milioni-di-sterline-nel-1963\/\" target=\"_blank\" rel=\"noopener\">Viktor Orb\u00e1n<\/a>&#8221;la vittoria e in particolare il fatto che fosse cos\u00ec l\u00e0 fuori e in primo piano dicendo che la Giudea-Cristiano occidentale \u00e8 considerata&#8230; in Inghilterra, in Inghilterra e nel resto dell&#8217;Europa occidentale come un vero momento rivoluzionario momento, ha detto.<\/p>\n<p>\u201cOrb\u00e1n \u00e8 ora una figura politica mondiale e sar\u00e0 sotto feroce attacco, ha detto\u201d Bannon.<\/p>\n<p>Commentando nella recinzione il confine meridionale dell&#8217;Ungheria, ha detto:<\/p>\n<blockquote>\n<p>\u201cVoi ragazzi avete costruito il muro prima di noi, vorremmo avere il vostro wall\u201d.<\/p>\n<\/blockquote>\n<p>\u201cSe non puoi difendere i tuoi confini non hai sovranit\u00e0, ha detto\u201d Bannon, aggiungendo che \u201cil confine meridionale degli Stati Uniti \u00e8 uno scherzo totale e il presidente Trump sa che \u00e8 imperativo che debba costruire un muro meridionale\u201d.<\/p>\n<p>Ha continuato dicendo che il rifiuto dell\u2019\u00e9lite visto negli Stati Uniti era gi\u00e0 in corso in Europa.<\/p>\n<p>\u201cLa classe operaia, gli operai negli Stati Uniti e la classe media sono stati completamente abusati dall&#8217;\u00e9lite globalista che ha governato il paese negli ultimi venti o trent&#8217;anni e la vittoria di Trump \u00e8 stata un completo rifiuto di ci\u00f2, ha detto\u201d Bannon.<\/p>\n<blockquote>\n<p>\u201cBrexit era un&#8217;ombra della vittoria di Trump del 2016 e la rivolta nazionalista populista \u00e8 avanti di circa un anno in Europa rispetto al <a href=\"https:\/\/dailynewshungary.com\/it\/la-grande-rapina-al-treno-britannico-come-una-banda-di-15-uomini-rubo-26-milioni-di-sterline-nel-1963\/\" target=\"_blank\" rel=\"noopener\">Stati Uniti<\/a>,\u201d ha aggiunto.<\/p>\n<\/blockquote>\n<p>Ha anche notato che in Italia \u201cquello che hanno fatto oggi e negli ultimi due giorni \u00e8 stato avere un partito populista di destra e un partito populista di sinistra, e hanno messo da parte le loro differenze sull&#8217;economia, la vecchia tradizionale sinistra- destra dividono e hanno detto che formeremo un governo di unit\u00e0&#8230; e lasciamo da parte il paradigma tradizionale sinistra-destra.\u201d Questo \u00e8 un momento importante nella storia europea, ha detto.<\/p>\n<p>Bannon ha anche detto che le persone in via di estinzione sono stanche di essere dettate da persone provenienti da Bruxelles, da una sorta di \u00e9lite manageriale, scientifica e ingegneristica che dir\u00e0 loro qual \u00e8 il modo migliore per vivere la propria vita.\u201d<\/p>\n<p><em>Foto: MTI<\/em><\/p>\n","protected":false},"excerpt":{"rendered":"<p>Gli europei si sono stancati di essere dettati da persone provenienti da Bruxelles, ha detto Steve Bannon, l&#8217;ex capo stratega e consigliere per la campagna del presidente degli Stati Uniti Donald Trump, in un&#8217;intervista al canale di notizie pubbliche M1, aggiungendo che il primo ministro Viktor Orb\u00e1n era diventato \u2018una figura politica mondiale\u2019, e questo [&hellip;]<\/p>\n","protected":false},"author":2,"featured_media":703546,"comment_status":"open","ping_status":"open","sticky":false,"template":"","format":"standard","meta":{"_display_image":"","footnotes":""},"categories":[1185],"tags":[1111,1083],"class_list":["post-703545","post","type-post","status-publish","format-standard","has-post-thumbnail","hentry","category-politica-in-ungheria","tag-stati-uniti","tag-viktor-orban"],"blocksy_meta":[],"author_username":"alk","telegram_post":"","public_post_metadata":{"breaking_news":"","important":"","csempe":"","center_tile":"","disable_thumbnail":"","target_lang":"","_featured_image_style":"","telegram_post":"","_xlat_group_id":""},"public_rank_math_data":{"title":"%titolo% %sep% %nomesito%","description":"Gli europei si sono stancati di essere dettati da persone provenienti da Bruxelles, Steve Bannon, l'ex capo stratega e consigliere per la campagna del presidente degli Stati Uniti Donald Trump, ha detto aggiungendo che il primo ministro Viktor Orb\u00e1n era diventato \u2018una figura politica mondiale\u2019, e questo \u00e8 il motivo per cui era stato attaccato.","focus_keyword":"Bannon","canonical_url":"","robots":"","primary_category":"1185","breadcrumb_title":"","facebook_title":"","facebook_description":"","facebook_image":"","facebook_image_id":"","twitter_title":"","twitter_description":"","twitter_image":"","twitter_image_id":"","twitter_card_type":"","twitter_use_facebook":"","advanced_robots":"","pillar_content":"","seo_score":"","contentai_score":"","rich_snippet":""},"_links":{"self":[{"href":"https:\/\/dailynewshungary.com\/it\/wp-json\/wp\/v2\/posts\/703545","targetHints":{"allow":["GET"]}}],"collection":[{"href":"https:\/\/dailynewshungary.com\/it\/wp-json\/wp\/v2\/posts"}],"about":[{"href":"https:\/\/dailynewshungary.com\/it\/wp-json\/wp\/v2\/types\/post"}],"author":[{"embeddable":true,"href":"https:\/\/dailynewshungary.com\/it\/wp-json\/wp\/v2\/users\/2"}],"replies":[{"embeddable":true,"href":"https:\/\/dailynewshungary.com\/it\/wp-json\/wp\/v2\/comments?post=703545"}],"version-history":[{"count":0,"href":"https:\/\/dailynewshungary.com\/it\/wp-json\/wp\/v2\/posts\/703545\/revisions"}],"wp:featuredmedia":[{"embeddable":true,"href":"https:\/\/dailynewshungary.com\/it\/wp-json\/wp\/v2\/media\/703546"}],"wp:attachment":[{"href":"https:\/\/dailynewshungary.com\/it\/wp-json\/wp\/v2\/media?parent=703545"}],"wp:term":[{"taxonomy":"category","embeddable":true,"href":"https:\/\/dailynewshungary.com\/it\/wp-json\/wp\/v2\/categories?post=703545"},{"taxonomy":"post_tag","embeddable":true,"href":"https:\/\/dailynewshungary.com\/it\/wp-json\/wp\/v2\/tags?post=703545"}],"curies":[{"name":"wp","href":"https:\/\/api.w.org\/{rel}","templated":true}]}}