{"id":704422,"date":"2018-04-19T20:00:40","date_gmt":"2018-04-19T18:00:40","guid":{"rendered":"https:\/\/dailynewshungary.com\/it\/visegrad-quattro-ministri-firmano-il-memorandum-dintesa-sulla-cooperazione-in-materia-di-politica-industriale\/"},"modified":"2018-04-19T20:00:40","modified_gmt":"2018-04-19T18:00:40","slug":"visegrad-quattro-ministri-firmano-il-memorandum-dintesa-sulla-cooperazione-in-materia-di-politica-industriale","status":"publish","type":"post","link":"https:\/\/dailynewshungary.com\/it\/visegrad-quattro-ministri-firmano-il-memorandum-dintesa-sulla-cooperazione-in-materia-di-politica-industriale\/","title":{"rendered":"Visegr\u00e1d Quattro ministri firmano il Memorandum d\u2019Intesa sulla cooperazione in materia di politica industriale"},"content":{"rendered":"<p><strong>I ministri dell&#8217;Economia del Gruppo Visegr\u00e1d hanno firmato gioved\u00ec a Budapest un memorandum d&#8217;intesa sulla cooperazione nel settore della politica industriale.<\/strong><\/p>\n<p>Il protocollo d&#8217;intesa \u00e8 stato firmato dal ministro dell&#8217;Economia Mih\u00e1ly Varga, dal viceministro ceco dell&#8217;Industria e del Commercio Vladimir Bartl, dal viceministro polacco dell&#8217;imprenditorialit\u00e0 e della tecnologia Marcin Ociepa e dal segretario di Stato slovacco del ministero dell&#8217;Economia Rastislav Chovanec.<\/p>\n<p>\u201cIl nostro obiettivo \u00e8 che la regione diventi un fiore all&#8217;occhiello per lo sviluppo dell&#8217;intelligenza robotica e artificiale nel prossimo decennio, ha affermato\u201d Varga durante la cerimonia della firma.<\/p>\n<p>Ha affermato che il protocollo d&#8217;intesa mira ad aumentare la cooperazione in materia di politica industriale V4 a un nuovo livello, creando una piattaforma comune per la gestione dei collegamenti tra produzione e commercio, nonch\u00e9 sfruttando i progressi nelle tecnologie digitali, nell&#8217;industria 4.0 e nella diffusione della robotica, che, ha aggiunto, richiedono flessibilit\u00e0 continua a livello europeo e globale.<\/p>\n<p>Varga ha affermato che uno degli obiettivi \u00e8 quello di far convergere sempre pi\u00f9 le politiche industriali V4 attraverso le sfere dell&#8217;ingegneria automobilistica e meccanica.<\/p>\n<blockquote>\n<p>Molti tipi di cooperazione in settori specialistici, in particolare per i punti di forza della regione, rimangono inutilizzati e i segmenti di produzione dell&#8217;industria automobilistica possono essere condivisi, ha aggiunto.<\/p>\n<\/blockquote>\n<p>Negli ultimi anni, il tasso di crescita medio nei paesi del Visegr\u00e1d ha superato quello dell\u2019UE, ha affermato Varga, rilevando una crescita dell\u2019UE del 2,4% lo scorso anno rispetto al 4,3% del V4. Le economie della regione stanno recuperando terreno rispetto all\u2019UE e stanno guadagnando peso economico nel processo, ha aggiunto.<\/p>\n<p>\u201c\u00c8 compito congiunto dei governi di Visegr\u00e1d sostenere l&#8217;accesso ai mercati regionali e globali per le PMI promettenti che operano nella regione, ha aggiunto.<\/p>\n<p>Il Consiglio europeo per la competitivit\u00e0 (COMPET) mira a portare il contributo dell&#8217;industria alla produzione economica al 20% del totale, un&#8217;iniziativa che i paesi V4 sostengono e su cui mirano a sviluppare, ha affermato Varga.<\/p>\n<p>Il ministro ha affermato che l&#8217;Ungheria sostiene l&#8217;iniziativa di collegare le capitali V4, Varsavia, Praga, Bratislava e Budapest con la ferrovia ad alta velocit\u00e0.<\/p>\n<p>Gioved\u00ec i responsabili degli uffici statistici dei paesi V4 hanno firmato un accordo di cooperazione durante l&#8217;incontro di Budapest.<\/p>\n<p><em>immagine in primo piano: MTI<\/em><\/p>\n","protected":false},"excerpt":{"rendered":"<p>I ministri dell&#8217;Economia del Gruppo Visegr\u00e1d hanno firmato gioved\u00ec a Budapest un memorandum d&#8217;intesa sulla cooperazione nel settore della politica industriale. Il protocollo d&#8217;intesa \u00e8 stato firmato dal ministro dell&#8217;Economia Mih\u00e1ly Varga, dal viceministro ceco dell&#8217;Industria e del Commercio Vladimir Bartl, dal viceministro polacco dell&#8217;imprenditorialit\u00e0 e della tecnologia Marcin Ociepa e dal segretario di Stato [&hellip;]<\/p>\n","protected":false},"author":13,"featured_media":704423,"comment_status":"open","ping_status":"open","sticky":false,"template":"","format":"standard","meta":{"_display_image":"","footnotes":""},"categories":[1314],"tags":[1132,1363],"class_list":["post-704422","post","type-post","status-publish","format-standard","has-post-thumbnail","hentry","category-economia-in-ungheria","tag-economia","tag-visegrad-quattro"],"blocksy_meta":[],"author_username":"kovacszsoka","telegram_post":"","public_post_metadata":{"breaking_news":"","important":"","csempe":"","center_tile":"","disable_thumbnail":"","target_lang":"","_featured_image_style":"","telegram_post":"","_xlat_group_id":""},"public_rank_math_data":{"title":"%titolo% %sep% %nomesito%","description":"I ministri dell'Economia del Gruppo Visegr\u00e1d hanno firmato gioved\u00ec a Budapest un memorandum d'intesa sulla cooperazione nel settore della politica industriale.","focus_keyword":"visegr\u00e0d quattro","canonical_url":"","robots":"","primary_category":"1314","breadcrumb_title":"","facebook_title":"","facebook_description":"","facebook_image":"","facebook_image_id":"","twitter_title":"","twitter_description":"","twitter_image":"","twitter_image_id":"","twitter_card_type":"","twitter_use_facebook":"","advanced_robots":"","pillar_content":"","seo_score":"43","contentai_score":"","rich_snippet":""},"_links":{"self":[{"href":"https:\/\/dailynewshungary.com\/it\/wp-json\/wp\/v2\/posts\/704422","targetHints":{"allow":["GET"]}}],"collection":[{"href":"https:\/\/dailynewshungary.com\/it\/wp-json\/wp\/v2\/posts"}],"about":[{"href":"https:\/\/dailynewshungary.com\/it\/wp-json\/wp\/v2\/types\/post"}],"author":[{"embeddable":true,"href":"https:\/\/dailynewshungary.com\/it\/wp-json\/wp\/v2\/users\/13"}],"replies":[{"embeddable":true,"href":"https:\/\/dailynewshungary.com\/it\/wp-json\/wp\/v2\/comments?post=704422"}],"version-history":[{"count":0,"href":"https:\/\/dailynewshungary.com\/it\/wp-json\/wp\/v2\/posts\/704422\/revisions"}],"wp:featuredmedia":[{"embeddable":true,"href":"https:\/\/dailynewshungary.com\/it\/wp-json\/wp\/v2\/media\/704423"}],"wp:attachment":[{"href":"https:\/\/dailynewshungary.com\/it\/wp-json\/wp\/v2\/media?parent=704422"}],"wp:term":[{"taxonomy":"category","embeddable":true,"href":"https:\/\/dailynewshungary.com\/it\/wp-json\/wp\/v2\/categories?post=704422"},{"taxonomy":"post_tag","embeddable":true,"href":"https:\/\/dailynewshungary.com\/it\/wp-json\/wp\/v2\/tags?post=704422"}],"curies":[{"name":"wp","href":"https:\/\/api.w.org\/{rel}","templated":true}]}}