{"id":704440,"date":"2018-04-19T11:30:49","date_gmt":"2018-04-19T09:30:49","guid":{"rendered":"https:\/\/dailynewshungary.com\/it\/la-corte-dappello-respinge-la-sentenza-di-primo-grado-in-un-caso-terroristico-del-2009\/"},"modified":"2018-04-19T11:30:49","modified_gmt":"2018-04-19T09:30:49","slug":"la-corte-dappello-respinge-la-sentenza-di-primo-grado-in-un-caso-terroristico-del-2009","status":"publish","type":"post","link":"https:\/\/dailynewshungary.com\/it\/la-corte-dappello-respinge-la-sentenza-di-primo-grado-in-un-caso-terroristico-del-2009\/","title":{"rendered":"La corte d\u2019appello respinge la sentenza di primo grado in un caso terroristico del 2009"},"content":{"rendered":"<p><strong>Una corte d&#8217;appello di Budapest ha respinto gioved\u00ec una sentenza di primo grado riguardante l&#8217;attivista di destra Gy\u00f6rgy Budah\u00e1zy e altri, che erano stati condannati per aver svolto attivit\u00e0 terroristiche dieci anni fa. La corte d&#8217;appello ha ordinato un nuovo processo.<\/strong><\/p>\n<p>Secondo le accuse, Budah\u00e1zy ha creato un&#8217;organizzazione terroristica chiamata Ungherese Arrows per effettuare attacchi contro i legislatori dell&#8217;allora alleanza socialista-democratica libera al potere tra il 2007 e il 2009.<\/p>\n<p>Nell&#8217;estate del 2016, il Tribunale municipale di Budapest ha condannato Budah\u00e1zy a 13 anni di carcere Dei 17 imputati, 15 sono stati condannati tra i 5 e i 13 anni di carcere ciascuno per attivit\u00e0 terroristica.<\/p>\n<blockquote>\n<p>Budah\u00e1zy e i suoi complici erano stati anche accusati di aver lanciato bombe molotov contro le case dei politici socialisti e democratici liberi e contro le sedi dei loro partiti, nonch\u00e9 di aver lanciato bombe molotov contro bar e punti vendita gay, come una biglietteria nel 13\u00b0 distretto di Budapest.<\/p>\n<\/blockquote>\n<p>Si pensa che il gruppo di Budah\u00e1zy sia dietro il pestaggio di un ex politico socialista diventato personaggio televisivo S\u00e1ndor Csintalan.<\/p>\n<p>Budah\u00e1zy \u00e8 stato arrestato nel giugno 2009 ed \u00e8 stato tenuto in custodia cautelare fino a settembre 2011, quando il tribunale ha ordinato i suoi arresti domiciliari. Il tribunale ha revocato l&#8217;ordine nel giugno 2014.<\/p>\n<p>La difesa aveva presentato ricorso contro la sentenza di primo grado di clemenza e contro il pubblico ministero per una pena pi\u00f9 pesante.<\/p>\n<p><em>immagine in primo piano: MTI<\/em><\/p>\n","protected":false},"excerpt":{"rendered":"<p>Una corte d&#8217;appello di Budapest ha respinto gioved\u00ec una sentenza di primo grado riguardante l&#8217;attivista di destra Gy\u00f6rgy Budah\u00e1zy e altri, che erano stati condannati per aver svolto attivit\u00e0 terroristiche dieci anni fa. La corte d&#8217;appello ha ordinato un nuovo processo. Secondo le accuse, Budah\u00e1zy ha creato un&#8217;organizzazione terroristica chiamata Ungherese Arrows per effettuare attacchi [&hellip;]<\/p>\n","protected":false},"author":13,"featured_media":704441,"comment_status":"open","ping_status":"open","sticky":false,"template":"","format":"standard","meta":{"_display_image":"","footnotes":""},"categories":[1207],"tags":[1206,1193],"class_list":["post-704440","post","type-post","status-publish","format-standard","has-post-thumbnail","hentry","category-societa-in-ungheria","tag-corte","tag-terrorismo"],"blocksy_meta":[],"author_username":"kovacszsoka","telegram_post":"","public_post_metadata":{"breaking_news":"","important":"","csempe":"","center_tile":"","disable_thumbnail":"","target_lang":"","_featured_image_style":"","telegram_post":"","_xlat_group_id":""},"public_rank_math_data":{"title":"%titolo% %sep% %nomesito%","description":"Una corte d'appello di Budapest ha respinto gioved\u00ec una sentenza di primo grado riguardante l'attivista di destra Gy\u00f6rgy Budah\u00e1zy e altri, che erano stati condannati per aver svolto attivit\u00e0 terroristiche dieci anni fa. La corte d'appello ha ordinato un nuovo processo.","focus_keyword":"terrorista","canonical_url":"","robots":"","primary_category":"1207","breadcrumb_title":"","facebook_title":"","facebook_description":"","facebook_image":"","facebook_image_id":"","twitter_title":"","twitter_description":"","twitter_image":"","twitter_image_id":"","twitter_card_type":"","twitter_use_facebook":"","advanced_robots":"","pillar_content":"","seo_score":"59","contentai_score":"","rich_snippet":""},"_links":{"self":[{"href":"https:\/\/dailynewshungary.com\/it\/wp-json\/wp\/v2\/posts\/704440","targetHints":{"allow":["GET"]}}],"collection":[{"href":"https:\/\/dailynewshungary.com\/it\/wp-json\/wp\/v2\/posts"}],"about":[{"href":"https:\/\/dailynewshungary.com\/it\/wp-json\/wp\/v2\/types\/post"}],"author":[{"embeddable":true,"href":"https:\/\/dailynewshungary.com\/it\/wp-json\/wp\/v2\/users\/13"}],"replies":[{"embeddable":true,"href":"https:\/\/dailynewshungary.com\/it\/wp-json\/wp\/v2\/comments?post=704440"}],"version-history":[{"count":0,"href":"https:\/\/dailynewshungary.com\/it\/wp-json\/wp\/v2\/posts\/704440\/revisions"}],"wp:featuredmedia":[{"embeddable":true,"href":"https:\/\/dailynewshungary.com\/it\/wp-json\/wp\/v2\/media\/704441"}],"wp:attachment":[{"href":"https:\/\/dailynewshungary.com\/it\/wp-json\/wp\/v2\/media?parent=704440"}],"wp:term":[{"taxonomy":"category","embeddable":true,"href":"https:\/\/dailynewshungary.com\/it\/wp-json\/wp\/v2\/categories?post=704440"},{"taxonomy":"post_tag","embeddable":true,"href":"https:\/\/dailynewshungary.com\/it\/wp-json\/wp\/v2\/tags?post=704440"}],"curies":[{"name":"wp","href":"https:\/\/api.w.org\/{rel}","templated":true}]}}