{"id":704612,"date":"2018-04-12T14:30:23","date_gmt":"2018-04-12T12:30:23","guid":{"rendered":"https:\/\/dailynewshungary.com\/it\/elezioni-2018-momentum-dellopposizione-per-eleggere-nuovi-leader-a-giugno\/"},"modified":"2018-04-12T14:30:23","modified_gmt":"2018-04-12T12:30:23","slug":"elezioni-2018-momentum-dellopposizione-per-eleggere-nuovi-leader-a-giugno","status":"publish","type":"post","link":"https:\/\/dailynewshungary.com\/it\/elezioni-2018-momentum-dellopposizione-per-eleggere-nuovi-leader-a-giugno\/","title":{"rendered":"Elezioni 2018 Momentum dell\u2019opposizione per eleggere nuovi leader a giugno"},"content":{"rendered":"<p><strong>Momentum, un nuovo partito di opposizione, si riunir\u00e0 per eleggere nuovi alti funzionari a giugno, ha detto gioved\u00ec il leader del partito.<\/strong><\/p>\n<p>Momentum vuole rimanere attivo in politica per facilitare il cambiamento che non ha avuto luogo dal 2014, ha detto Andr\u00e1s Fekete-Gy\u0151r in una conferenza stampa.<\/p>\n<p>L\u2019attuale regime pu\u00f2 essere sconfitto solo nelle strade, fuori dal parlamento, come dimostrato in passato dal successo dei movimenti pubblici che avevano ostacolato il piano del governo di introdurre una tassa su Internet nel 2014 e la candidatura dell\u2019Ungheria a ospitare i Giochi Olimpici del 2024. lo scorso anno, ha detto.<\/p>\n<blockquote>\n<p>Lo slancio \u00e8 diventato ancora pi\u00f9 motivato dal fatto che circa 4.000 persone si sono unite alle sue fila solo negli ultimi quattro giorni dopo le elezioni generali dell&#8217;8 aprile, ha aggiunto.<\/p>\n<\/blockquote>\n<p>\u201cIl futuro prima o poi sconfigger\u00e0 il passato. [Il Primo Ministro] Viktor Orb\u00e1n non pu\u00f2 sfuggire al suo destino, non smetteremo di perseguitarlo per nessun minuto, ha detto il\u201d Fekete-Gy\u0151r.<\/p>\n<p>Rappresentando una nuova generazione politica, Momentum lavorer\u00e0 per spostare l&#8217;Ungheria pi\u00f9 vicino all&#8217;Europa\u201d ed eliminare la povert\u00e0, ha aggiunto Fekete-Gy\u0151r.<\/p>\n<p><em>immagine in primo piano: MTI<\/em><\/p>\n","protected":false},"excerpt":{"rendered":"<p>Momentum, un nuovo partito di opposizione, si riunir\u00e0 per eleggere nuovi alti funzionari a giugno, ha detto gioved\u00ec il leader del partito. Momentum vuole rimanere attivo in politica per facilitare il cambiamento che non ha avuto luogo dal 2014, ha detto Andr\u00e1s Fekete-Gy\u0151r in una conferenza stampa. L\u2019attuale regime pu\u00f2 essere sconfitto solo nelle strade, [&hellip;]<\/p>\n","protected":false},"author":13,"featured_media":704613,"comment_status":"open","ping_status":"open","sticky":false,"template":"","format":"standard","meta":{"_display_image":"","footnotes":""},"categories":[1185],"tags":[1094,1960,1166],"class_list":["post-704612","post","type-post","status-publish","format-standard","has-post-thumbnail","hentry","category-politica-in-ungheria","tag-elezioni","tag-elezioni-2018","tag-movimento-di-slancio"],"blocksy_meta":[],"author_username":"kovacszsoka","telegram_post":"","public_post_metadata":{"breaking_news":"","important":"","csempe":"","center_tile":"","disable_thumbnail":"","target_lang":"","_featured_image_style":"","telegram_post":"","_xlat_group_id":""},"public_rank_math_data":{"title":"%titolo% %sep% %nomesito%","description":"Momentum vuole rimanere attivo in politica per facilitare il cambiamento che non avviene dal 2014 e si riunir\u00e0 a giugno per eleggere nuovi leader","focus_keyword":"quantit\u00e0 di moto","canonical_url":"","robots":"","primary_category":"1185","breadcrumb_title":"","facebook_title":"","facebook_description":"","facebook_image":"","facebook_image_id":"","twitter_title":"","twitter_description":"","twitter_image":"","twitter_image_id":"","twitter_card_type":"","twitter_use_facebook":"","advanced_robots":"","pillar_content":"","seo_score":"64","contentai_score":"","rich_snippet":""},"_links":{"self":[{"href":"https:\/\/dailynewshungary.com\/it\/wp-json\/wp\/v2\/posts\/704612","targetHints":{"allow":["GET"]}}],"collection":[{"href":"https:\/\/dailynewshungary.com\/it\/wp-json\/wp\/v2\/posts"}],"about":[{"href":"https:\/\/dailynewshungary.com\/it\/wp-json\/wp\/v2\/types\/post"}],"author":[{"embeddable":true,"href":"https:\/\/dailynewshungary.com\/it\/wp-json\/wp\/v2\/users\/13"}],"replies":[{"embeddable":true,"href":"https:\/\/dailynewshungary.com\/it\/wp-json\/wp\/v2\/comments?post=704612"}],"version-history":[{"count":0,"href":"https:\/\/dailynewshungary.com\/it\/wp-json\/wp\/v2\/posts\/704612\/revisions"}],"wp:featuredmedia":[{"embeddable":true,"href":"https:\/\/dailynewshungary.com\/it\/wp-json\/wp\/v2\/media\/704613"}],"wp:attachment":[{"href":"https:\/\/dailynewshungary.com\/it\/wp-json\/wp\/v2\/media?parent=704612"}],"wp:term":[{"taxonomy":"category","embeddable":true,"href":"https:\/\/dailynewshungary.com\/it\/wp-json\/wp\/v2\/categories?post=704612"},{"taxonomy":"post_tag","embeddable":true,"href":"https:\/\/dailynewshungary.com\/it\/wp-json\/wp\/v2\/tags?post=704612"}],"curies":[{"name":"wp","href":"https:\/\/api.w.org\/{rel}","templated":true}]}}