{"id":704723,"date":"2018-04-08T16:00:05","date_gmt":"2018-04-08T14:00:05","guid":{"rendered":"https:\/\/dailynewshungary.com\/it\/elezioni-2018-orban-esorta-gli-elettori-a-sostenere-fidesz\/"},"modified":"2018-04-08T16:00:05","modified_gmt":"2018-04-08T14:00:05","slug":"elezioni-2018-orban-esorta-gli-elettori-a-sostenere-fidesz","status":"publish","type":"post","link":"https:\/\/dailynewshungary.com\/it\/elezioni-2018-orban-esorta-gli-elettori-a-sostenere-fidesz\/","title":{"rendered":"Elezioni 2018 Orb\u00e1n esorta gli elettori a sostenere Fidesz"},"content":{"rendered":"<p><strong>Il primo ministro Viktor Orb\u00e1n ha invitato gli elettori a prendere una grande decisione comune di non consentire ai migranti di entrare in Ungheria e, per proteggere il paese, a sua volta in un&#8217;intervista pubblicata domenica dal portale di notizie Origo, il giorno delle elezioni parlamentari ungheresi.<\/strong><\/p>\n<p>Nella sua intervista, Orb\u00e1n ha avvertito che \u201cBruxelles sta progettando di insediare 10.000 migranti in Ungheria nel 2018\u201d. Ha detto che i sostenitori del miliardario americano George \u201cSoros voteranno tutti; presentiamoci anche noi!\u201d \u201cTutti dovrebbero andare a esprimere entrambi i voti per Fidesz (al potere),\u201d, ha aggiunto.<\/p>\n<p>Orb\u00e1n ha insistito sul fatto che le forze internazionali, (come) le fondazioni di Soros in Ungheria\u201d stanno facendo uno sforzo di \u201cstraordinary\u201d per interferire con le elezioni. \u201cNon permettiamo che il futuro dell&#8217;Ungheria sia determinato dall&#8217;esterno; decidiamoci noi stessi, ha detto.<\/p>\n<p>\u201cCi \u00e8 stata offerta la possibilit\u00e0 di evitare gli errori commessi dall&#8217;Occidente; abbiamo la possibilit\u00e0 di non consentire l&#8217;ingresso nel Paese a milioni di migranti, ha affermato il primo ministro.<\/p>\n<p>Per quanto riguarda l&#8217;opposizione, Orb\u00e1n ha affermato che i suoi candidati \u201cnon solo legati da George Soros ma dalla brama di denaro e potere in contrapposizione ai partiti al potere per i quali l&#8217;Ungheria viene prima\u201d.<\/p>\n<p>Orb\u00e1n ha affermato che l\u2019Ungheria \u00e8 un\u2019oasi\u201d in Europa in termini di libert\u00e0 di stampa e di opinione. La pubblicit\u00e0 in Europa \u00e8 stata \u201csopraffatta dal giornalismo supponente, un\u2019interpretazione supponente del mondo, che chiamano correttezza politica, ha detto, e ha aggiunto che \u201cchiunque esprima idee diverse \u00e8 difficilmente considerato umano; almeno non sono pi\u00f9 visti come democratici.\u201d<\/p>\n<p>La libert\u00e0 di stampa e di pensiero politico \u00e8 limitata in Occidente; Le notizie sulla vita nei paesi di immigrazione vengono messe a tacere o falsificate, mentre i media in Ungheria sono colorati, ha detto il primo ministro.<\/p>\n<p>\u201cVogliamo vivere in un Paese dove si possa scrivere la verit\u00e0 sulle minacce migratorie, sul terrorismo, sul deterioramento della sicurezza pubblica, sulla violenza contro le donne; insomma, com&#8217;\u00e8 la vita nei paesi con immigrati, ha detto\u201d Orb\u00e1n.<\/p>\n<p>Riferendosi allo stato della nazione in generale, Orb\u00e1n ha affermato che l&#8217;economia si \u00e8 rafforzata, le condizioni di vita sono migliorate e le persone hanno la sensazione che il paese stia facendo una migliore rotta mentre \u00e8 emerso uno strato di societ\u00e0, persone che in precedenza avevano mantenuto le distanze dalla democrazia democratica. processo decisionale; le basi per la democrazia ungherese si sono ampliate.\u201d<\/p>\n<p><em>immagine in primo piano: MTI<\/em><\/p>\n","protected":false},"excerpt":{"rendered":"<p>Il primo ministro Viktor Orb\u00e1n ha invitato gli elettori a prendere una grande decisione comune di non consentire ai migranti di entrare in Ungheria e, per proteggere il paese, a sua volta in un&#8217;intervista pubblicata domenica dal portale di notizie Origo, il giorno delle elezioni parlamentari ungheresi. Nella sua intervista, Orb\u00e1n ha avvertito che \u201cBruxelles [&hellip;]<\/p>\n","protected":false},"author":13,"featured_media":704724,"comment_status":"open","ping_status":"open","sticky":false,"template":"","format":"standard","meta":{"_display_image":"","footnotes":""},"categories":[1185],"tags":[1094,1960,1078,1083],"class_list":["post-704723","post","type-post","status-publish","format-standard","has-post-thumbnail","hentry","category-politica-in-ungheria","tag-elezioni","tag-elezioni-2018","tag-fidesz","tag-viktor-orban"],"blocksy_meta":[],"author_username":"kovacszsoka","telegram_post":"","public_post_metadata":{"breaking_news":"","important":"","csempe":"","center_tile":"","disable_thumbnail":"","target_lang":"","_featured_image_style":"","telegram_post":"","_xlat_group_id":""},"public_rank_math_data":{"title":"%titolo% %sep% %nomesito%","description":"Il primo ministro Viktor Orb\u00e1n ha invitato gli elettori a \"prendere una grande decisione comune di non consentire ai migranti di entrare in Ungheria e di proteggere il Paese\", in un'intervista pubblicata domenica dal portale di notizie Origo, il giorno delle elezioni parlamentari ungheresi.","focus_keyword":"orb\u00e1n","canonical_url":"","robots":"","primary_category":"1185","breadcrumb_title":"","facebook_title":"","facebook_description":"","facebook_image":"","facebook_image_id":"","twitter_title":"","twitter_description":"","twitter_image":"","twitter_image_id":"","twitter_card_type":"","twitter_use_facebook":"","advanced_robots":"","pillar_content":"","seo_score":"58","contentai_score":"","rich_snippet":""},"_links":{"self":[{"href":"https:\/\/dailynewshungary.com\/it\/wp-json\/wp\/v2\/posts\/704723","targetHints":{"allow":["GET"]}}],"collection":[{"href":"https:\/\/dailynewshungary.com\/it\/wp-json\/wp\/v2\/posts"}],"about":[{"href":"https:\/\/dailynewshungary.com\/it\/wp-json\/wp\/v2\/types\/post"}],"author":[{"embeddable":true,"href":"https:\/\/dailynewshungary.com\/it\/wp-json\/wp\/v2\/users\/13"}],"replies":[{"embeddable":true,"href":"https:\/\/dailynewshungary.com\/it\/wp-json\/wp\/v2\/comments?post=704723"}],"version-history":[{"count":0,"href":"https:\/\/dailynewshungary.com\/it\/wp-json\/wp\/v2\/posts\/704723\/revisions"}],"wp:featuredmedia":[{"embeddable":true,"href":"https:\/\/dailynewshungary.com\/it\/wp-json\/wp\/v2\/media\/704724"}],"wp:attachment":[{"href":"https:\/\/dailynewshungary.com\/it\/wp-json\/wp\/v2\/media?parent=704723"}],"wp:term":[{"taxonomy":"category","embeddable":true,"href":"https:\/\/dailynewshungary.com\/it\/wp-json\/wp\/v2\/categories?post=704723"},{"taxonomy":"post_tag","embeddable":true,"href":"https:\/\/dailynewshungary.com\/it\/wp-json\/wp\/v2\/tags?post=704723"}],"curies":[{"name":"wp","href":"https:\/\/api.w.org\/{rel}","templated":true}]}}