{"id":704731,"date":"2018-04-08T13:00:04","date_gmt":"2018-04-08T11:00:04","guid":{"rendered":"https:\/\/dailynewshungary.com\/it\/elezioni-2018-il-candidato-del-primo-ministro-socialista-parbesz-karacsony-lelevata-affluenza-alle-urne-mostra-critiche-al-regime-di-orban\/"},"modified":"2018-04-08T13:00:04","modified_gmt":"2018-04-08T11:00:04","slug":"elezioni-2018-il-candidato-del-primo-ministro-socialista-parbesz-karacsony-lelevata-affluenza-alle-urne-mostra-critiche-al-regime-di-orban","status":"publish","type":"post","link":"https:\/\/dailynewshungary.com\/it\/elezioni-2018-il-candidato-del-primo-ministro-socialista-parbesz-karacsony-lelevata-affluenza-alle-urne-mostra-critiche-al-regime-di-orban\/","title":{"rendered":"Elezioni 2018 Il candidato del primo ministro socialista-P\u00e1rbesz Kar\u00e1csony: l\u2019elevata affluenza alle urne mostra critiche al \u201cregime di Orb\u00e1n\u201d"},"content":{"rendered":"<p><strong>Il candidato del Primo Ministro dell&#8217;alleanza di opposizione Socialist-P\u00e1rbesz\u00e9d ha salutato l&#8217;elevata affluenza alle elezioni generali ungheresi, affermando che indicava serie critiche al regime di \u201cOrb\u00e1n\u201d e al presidente J\u00e1nos \u00c1der.<\/strong><\/p>\n<p>Intervenendo in una conferenza stampa a Budapest, Gergely Kar\u00e1csony ha invitato gli ungheresi ad andare alle urne e ad esprimere il loro voto.<\/p>\n<blockquote>\n<p>La bassa affluenza alle urne andr\u00e0 a beneficio del governo Fidesz, mentre un\u2019elevata affluenza alle urne andr\u00e0 a beneficio di coloro che vogliono un cambio di governo<\/p>\n<\/blockquote>\n<p>ha detto, aggiungendo che Fidesz ha compiuto i suoi ultimi sforzi, tutti disperati, per mobilitare i suoi sostenitori.<\/p>\n<p>Kar\u00e1csony ha invitato \u00c1der ad astenersi da \u201c cercando anche solo di confermare l&#8217;incarico di affidare a Viktor Orb\u00e1n la formazione del prossimo governo ungherese nel caso in cui il primo ministro in carica avesse \u201cperso la sua maggioranza parlamentare nelle elezioni di domenica.<\/p>\n<p>\u201cSappiamo bene che nessuno dei partiti di opposizione sarebbe disposto a governare in alleanza con questa banda di Fidesz,\u201d ha detto.<\/p>\n","protected":false},"excerpt":{"rendered":"<p>Il candidato del Primo Ministro dell&#8217;alleanza di opposizione Socialist-P\u00e1rbesz\u00e9d ha salutato l&#8217;elevata affluenza alle elezioni generali ungheresi, affermando che indicava serie critiche al regime di \u201cOrb\u00e1n\u201d e al presidente J\u00e1nos \u00c1der. Intervenendo in una conferenza stampa a Budapest, Gergely Kar\u00e1csony ha invitato gli ungheresi ad andare alle urne e ad esprimere il loro voto. La [&hellip;]<\/p>\n","protected":false},"author":13,"featured_media":704732,"comment_status":"open","ping_status":"open","sticky":false,"template":"","format":"standard","meta":{"_display_image":"","footnotes":""},"categories":[1185],"tags":[1539,1094,1960,1548,1083],"class_list":["post-704731","post","type-post","status-publish","format-standard","has-post-thumbnail","hentry","category-politica-in-ungheria","tag-dialogo-per-lungheria","tag-elezioni","tag-elezioni-2018","tag-socialisti","tag-viktor-orban"],"blocksy_meta":[],"author_username":"kovacszsoka","telegram_post":"","public_post_metadata":{"breaking_news":"","important":"","csempe":"","center_tile":"","disable_thumbnail":"","target_lang":"","_featured_image_style":"","telegram_post":"","_xlat_group_id":""},"public_rank_math_data":{"title":"%titolo% %sep% %nomesito%","description":"Il candidato del Primo Ministro dell'alleanza di opposizione Socialista-P\u00e1rbesz\u00e9d ha salutato l'elevata affluenza alle elezioni generali ungheresi, affermando che indicava serie critiche al \"regime di Orb\u00e1n\" e al presidente J\u00e1nos \u00c1der.","focus_keyword":"elezione","canonical_url":"","robots":"","primary_category":"1185","breadcrumb_title":"","facebook_title":"","facebook_description":"","facebook_image":"","facebook_image_id":"","twitter_title":"","twitter_description":"","twitter_image":"","twitter_image_id":"","twitter_card_type":"","twitter_use_facebook":"","advanced_robots":"","pillar_content":"","seo_score":"61","contentai_score":"","rich_snippet":""},"_links":{"self":[{"href":"https:\/\/dailynewshungary.com\/it\/wp-json\/wp\/v2\/posts\/704731","targetHints":{"allow":["GET"]}}],"collection":[{"href":"https:\/\/dailynewshungary.com\/it\/wp-json\/wp\/v2\/posts"}],"about":[{"href":"https:\/\/dailynewshungary.com\/it\/wp-json\/wp\/v2\/types\/post"}],"author":[{"embeddable":true,"href":"https:\/\/dailynewshungary.com\/it\/wp-json\/wp\/v2\/users\/13"}],"replies":[{"embeddable":true,"href":"https:\/\/dailynewshungary.com\/it\/wp-json\/wp\/v2\/comments?post=704731"}],"version-history":[{"count":0,"href":"https:\/\/dailynewshungary.com\/it\/wp-json\/wp\/v2\/posts\/704731\/revisions"}],"wp:featuredmedia":[{"embeddable":true,"href":"https:\/\/dailynewshungary.com\/it\/wp-json\/wp\/v2\/media\/704732"}],"wp:attachment":[{"href":"https:\/\/dailynewshungary.com\/it\/wp-json\/wp\/v2\/media?parent=704731"}],"wp:term":[{"taxonomy":"category","embeddable":true,"href":"https:\/\/dailynewshungary.com\/it\/wp-json\/wp\/v2\/categories?post=704731"},{"taxonomy":"post_tag","embeddable":true,"href":"https:\/\/dailynewshungary.com\/it\/wp-json\/wp\/v2\/tags?post=704731"}],"curies":[{"name":"wp","href":"https:\/\/api.w.org\/{rel}","templated":true}]}}