{"id":704765,"date":"2018-04-07T08:00:25","date_gmt":"2018-04-07T06:00:25","guid":{"rendered":"https:\/\/dailynewshungary.com\/it\/elezioni-2018-il-candidato-socialista-parbeszed-karacsony-le-elezioni-riportano-lo-spirito-del-1989\/"},"modified":"2018-04-07T08:00:25","modified_gmt":"2018-04-07T06:00:25","slug":"elezioni-2018-il-candidato-socialista-parbeszed-karacsony-le-elezioni-riportano-lo-spirito-del-1989","status":"publish","type":"post","link":"https:\/\/dailynewshungary.com\/it\/elezioni-2018-il-candidato-socialista-parbeszed-karacsony-le-elezioni-riportano-lo-spirito-del-1989\/","title":{"rendered":"Elezioni 2018 Il candidato socialista-P\u00e1rbesz\u00e9d Kar\u00e1csony: le elezioni \u201criportano lo spirito del 1989\u201d"},"content":{"rendered":"<p><strong>Gergely Kar\u00e1csony, candidato Primo Ministro dell&#8217;alleanza Socialista-P\u00e1rbesz\u00e9d, venerd\u00ec ha paragonato l&#8217;attuale campagna elettorale ungherese al periodo della transizione dell&#8217;Ungheria verso la democrazia nel 1989.<\/strong><\/p>\n<p>\u201cQueste elezioni riportano lo spirito del 1989, ha detto\u201d Kar\u00e1csony dopo i colloqui con Udo Bullmann, capogruppo dei Socialisti e Democratici al Parlamento europeo. Ha sostenuto che anche allora l&#8217;Ungheria era in cerca di un nuovo futuro dopo aver abbattuto un&#8217;autocrazia\u201d.<\/p>\n<blockquote>\n<p>Proprio come dopo il 1989, l&#8217;Ungheria deve ancora una volta affrontare il compito di costruire \u201ca patria condivisa\u201d in cui <a href=\"https:\/\/darkgoldenrod-woodcock-377971.hostingersite.com\/tag\/Europe\" target=\"_blank\" rel=\"noopener\">Europeit\u00e0<\/a> \u201c non \u00e8 solo un&#8217;idea alta ma una realt\u00e0 quotidiana\u201d,<\/p>\n<\/blockquote>\n<p>Kar\u00e1csony ha detto. Ha promesso che, come primo ministro, il suo primo atto sarebbe stato quello di ripristinare l&#8217;onore del governo ungherese in Europa.<\/p>\n<p>Bullmann ha parlato, tra l&#8217;altro, di <a href=\"https:\/\/dailynewshungary.com\/it\/la-grande-rapina-al-treno-britannico-come-una-banda-di-15-uomini-rubo-26-milioni-di-sterline-nel-1963\/\" target=\"_blank\" rel=\"noopener\">Unione europea<\/a> fondi, dicendo che sono serviti a migliorare le condizioni di vita del popolo ungherese Ha detto che i fondi dell&#8217;UE non devono essere utilizzati per l&#8217;auto-arricchimento.<\/p>\n<p><em>immagine in primo piano: MTI<\/em><\/p>\n","protected":false},"excerpt":{"rendered":"<p>Gergely Kar\u00e1csony, candidato Primo Ministro dell&#8217;alleanza Socialista-P\u00e1rbesz\u00e9d, venerd\u00ec ha paragonato l&#8217;attuale campagna elettorale ungherese al periodo della transizione dell&#8217;Ungheria verso la democrazia nel 1989. \u201cQueste elezioni riportano lo spirito del 1989, ha detto\u201d Kar\u00e1csony dopo i colloqui con Udo Bullmann, capogruppo dei Socialisti e Democratici al Parlamento europeo. Ha sostenuto che anche allora l&#8217;Ungheria era [&hellip;]<\/p>\n","protected":false},"author":13,"featured_media":704766,"comment_status":"open","ping_status":"open","sticky":false,"template":"","format":"standard","meta":{"_display_image":"","footnotes":""},"categories":[1185],"tags":[1773,1539,1094,1960,1548],"class_list":["post-704765","post","type-post","status-publish","format-standard","has-post-thumbnail","hentry","category-politica-in-ungheria","tag-comunismo","tag-dialogo-per-lungheria","tag-elezioni","tag-elezioni-2018","tag-socialisti"],"blocksy_meta":[],"author_username":"kovacszsoka","telegram_post":"","public_post_metadata":{"breaking_news":"","important":"","csempe":"","center_tile":"","disable_thumbnail":"","target_lang":"","_featured_image_style":"","telegram_post":"","_xlat_group_id":""},"public_rank_math_data":{"title":"%titolo% %sep% %nomesito%","description":"Gergely Kar\u00e1csony, candidato Primo Ministro dell'alleanza Socialista-P\u00e1rbesz\u00e9d, venerd\u00ec ha paragonato l'attuale campagna elettorale ungherese al periodo della transizione dell'Ungheria verso la democrazia nel 1989.","focus_keyword":"socialista","canonical_url":"","robots":"","primary_category":"1185","breadcrumb_title":"","facebook_title":"","facebook_description":"","facebook_image":"","facebook_image_id":"","twitter_title":"","twitter_description":"","twitter_image":"","twitter_image_id":"","twitter_card_type":"","twitter_use_facebook":"","advanced_robots":"","pillar_content":"","seo_score":"69","contentai_score":"","rich_snippet":""},"_links":{"self":[{"href":"https:\/\/dailynewshungary.com\/it\/wp-json\/wp\/v2\/posts\/704765","targetHints":{"allow":["GET"]}}],"collection":[{"href":"https:\/\/dailynewshungary.com\/it\/wp-json\/wp\/v2\/posts"}],"about":[{"href":"https:\/\/dailynewshungary.com\/it\/wp-json\/wp\/v2\/types\/post"}],"author":[{"embeddable":true,"href":"https:\/\/dailynewshungary.com\/it\/wp-json\/wp\/v2\/users\/13"}],"replies":[{"embeddable":true,"href":"https:\/\/dailynewshungary.com\/it\/wp-json\/wp\/v2\/comments?post=704765"}],"version-history":[{"count":0,"href":"https:\/\/dailynewshungary.com\/it\/wp-json\/wp\/v2\/posts\/704765\/revisions"}],"wp:featuredmedia":[{"embeddable":true,"href":"https:\/\/dailynewshungary.com\/it\/wp-json\/wp\/v2\/media\/704766"}],"wp:attachment":[{"href":"https:\/\/dailynewshungary.com\/it\/wp-json\/wp\/v2\/media?parent=704765"}],"wp:term":[{"taxonomy":"category","embeddable":true,"href":"https:\/\/dailynewshungary.com\/it\/wp-json\/wp\/v2\/categories?post=704765"},{"taxonomy":"post_tag","embeddable":true,"href":"https:\/\/dailynewshungary.com\/it\/wp-json\/wp\/v2\/tags?post=704765"}],"curies":[{"name":"wp","href":"https:\/\/api.w.org\/{rel}","templated":true}]}}