{"id":704955,"date":"2018-03-29T21:30:02","date_gmt":"2018-03-29T19:30:02","guid":{"rendered":"https:\/\/dailynewshungary.com\/it\/elezioni-2018-orban-gli-ungheresi-sceglieranno-il-futuro-l8-aprile\/"},"modified":"2018-03-29T21:30:02","modified_gmt":"2018-03-29T19:30:02","slug":"elezioni-2018-orban-gli-ungheresi-sceglieranno-il-futuro-l8-aprile","status":"publish","type":"post","link":"https:\/\/dailynewshungary.com\/it\/elezioni-2018-orban-gli-ungheresi-sceglieranno-il-futuro-l8-aprile\/","title":{"rendered":"Elezioni 2018 Orb\u00e1n: gli ungheresi sceglieranno il futuro l\u20198 aprile"},"content":{"rendered":"<p><strong>Quando gli ungheresi si recheranno alle urne l&#8217;8 aprile, non decideranno solo sul futuro del loro paese per i prossimi quattro anni, ma per molti decenni a venire, ha detto il primo ministro in un&#8217;intervista a un&#8217;emittente locale nell&#8217;Ungheria sud-occidentale. Nagykanizsa gioved\u00ec.<\/strong><\/p>\n<p>\u201cQueste non saranno elezioni regolari, ha detto il presidente della Corte Suprema Viktor Orb\u00e1n.<\/p>\n<p>\u201cC&#8217;\u00e8 una lotta in corso in Europa, ha detto\u201d Orb\u00e1n. Al centro c&#8217;\u00e8 la questione di quali paesi riusciranno a rimanere fuori dalla tendenza globale che crea paesi immigrati che accolgono sempre pi\u00f9 popolazioni, culture e persone miste senza roots\u201d, ha detto. La questione \u00e8 se l&#8217;Ungheria, insieme a Polonia, Repubblica Ceca, Slovacchia, Croazia\u201c e forse Romania\u201d, riuscir\u00e0 a rimanere fuori da questa situazione e preserver\u00e0 l&#8217;Ungheria come paese cristiano, nazionale, ungherese\u201d.<\/p>\n<p>L&#8217;Ungheria \u00e8 un paese di libert\u00e0 religiosa; ognuno ha il diritto di esprimere la propria opinione, pu\u00f2 scegliere la propria strada nella vita, la propria fede e la propria convinzione, ha detto Orb\u00e1n.<\/p>\n<blockquote>\n<p>\u201cUomini e donne hanno pari diritti; qui in Ungheria osserviamo la legge e consideriamo la sicurezza pubblica un bene.\u201d<\/p>\n<\/blockquote>\n<p>L&#8217;Ungheria non deve fare i conti con <a href=\"https:\/\/darkgoldenrod-woodcock-377971.hostingersite.com\/tag\/terrorism\" target=\"_blank\" rel=\"noopener\">terrorismo<\/a>, ma questi principi di vita e lo stile di vita degli ungheresi \u201cis ora sono a rischio\u201d, ha detto il primo ministro.<\/p>\n<p>La questione \u00e8 se l&#8217;Ungheria pu\u00f2 rimanere cristiana e ungherese o diventer\u00e0 parte di un&#8217;Europa in cui vivono popolazioni miste, ha detto Orb\u00e1n. \u201cE poi si stabiliranno, dapprima decine e poi centinaia di migliaia di persone che non hanno nulla a che fare con la cultura o lo stile di vita che abbiamo sviluppato negli ultimi mille anni, ha aggiunto\u201d. Ci\u00f2 che \u00e8 realmente in gioco nelle elezioni dell&#8217;8 aprile \u00e8 se l&#8217;Ungheria diventer\u00e0 o meno un paese di \u201cimmigrant\u201d, ha insistito.<\/p>\n<p>Sul tema dei partiti di opposizione ungheresi, Orb\u00e1n ha affermato che manca loro il coraggio e la volont\u00e0 di proteggere l&#8217;Ungheria.<\/p>\n<p>\u201cInfatti, sono collegati a una rete internazionale,\u201d ha detto il premier. \u201cQuesto <a href=\"https:\/\/darkgoldenrod-woodcock-377971.hostingersite.com\/tag\/soros\" target=\"_blank\" rel=\"noopener\">Soros<\/a> l&#8217;impero sta lavorando specificamente 000 persone impiegando almeno 2.000 mercenari e pagati in Ungheria 0, tutti i suoi stati membri trasformano l&#8217;intero continente in paesi immigrati, ha detto\u201d.<\/p>\n<blockquote>\n<p>\u201cVogliono smantellare la recinzione, cambiare le leggi che tengono fuori i migranti e approvare i diktat di Bruxelles che porterebbero decine e centinaia di migliaia di migranti in Ungheria, ha detto\u201d Orb\u00e1n.<\/p>\n<\/blockquote>\n<p>Ci\u00f2 fermerebbe la crescita dell&#8217;Ungheria, ha affermato, sostenendo che \u201cnon saremo in grado di aumentare le pensioni, sostenere i giovani e l&#8217;edilizia abitativa e creare posti di lavoro mentre costruiamo un paese immigrato.\u201d<\/p>\n<p>Per quanto riguarda l&#8217;uguaglianza di genere, Orb\u00e1n ha affermato che la cultura della vita \u00e8 equivalente al rispetto per le donne. \u201cLa nostra cultura \u00e8 la cultura cristiana e ungherese (assegna un ruolo di primo piano alle donne), ha affermato.<\/p>\n<p>\u201cPotremmo non sempre comportarci nel modo giusto, ma nel complesso la comunit\u00e0 ungherese \u00e8 una comunit\u00e0 che rispetta le donne; questa \u00e8 la linea di divisione tra la nostra civilt\u00e0 e le altre civilt\u00e0.\u201d Orb\u00e1n ha affermato che i migranti che entrano in Europa non accettano le donne come membri uguali della societ\u00e0\u201d.<\/p>\n<p><em>immagine in primo piano: MTI<\/em><\/p>\n","protected":false},"excerpt":{"rendered":"<p>Quando gli ungheresi si recheranno alle urne l&#8217;8 aprile, non decideranno solo sul futuro del loro paese per i prossimi quattro anni, ma per molti decenni a venire, ha detto il primo ministro in un&#8217;intervista a un&#8217;emittente locale nell&#8217;Ungheria sud-occidentale. Nagykanizsa gioved\u00ec. \u201cQueste non saranno elezioni regolari, ha detto il presidente della Corte Suprema Viktor [&hellip;]<\/p>\n","protected":false},"author":13,"featured_media":704956,"comment_status":"open","ping_status":"open","sticky":false,"template":"","format":"standard","meta":{"_display_image":"","footnotes":""},"categories":[1185],"tags":[1960,1078,1083],"class_list":["post-704955","post","type-post","status-publish","format-standard","has-post-thumbnail","hentry","category-politica-in-ungheria","tag-elezioni-2018","tag-fidesz","tag-viktor-orban"],"blocksy_meta":[],"author_username":"kovacszsoka","telegram_post":"","public_post_metadata":{"breaking_news":"","important":"","csempe":"","center_tile":"","disable_thumbnail":"","target_lang":"","_featured_image_style":"","telegram_post":"","_xlat_group_id":""},"public_rank_math_data":{"title":"%titolo% %sep% %nomesito%","description":"Quando gli ungheresi si recheranno alle urne l'8 aprile, non decideranno solo sul futuro del loro paese per i prossimi quattro anni, ma per molti decenni a venire, ha detto il primo ministro","focus_keyword":"elezione","canonical_url":"","robots":"","primary_category":"1185","breadcrumb_title":"","facebook_title":"","facebook_description":"","facebook_image":"","facebook_image_id":"","twitter_title":"","twitter_description":"","twitter_image":"","twitter_image_id":"","twitter_card_type":"","twitter_use_facebook":"","advanced_robots":"","pillar_content":"","seo_score":"51","contentai_score":"","rich_snippet":""},"_links":{"self":[{"href":"https:\/\/dailynewshungary.com\/it\/wp-json\/wp\/v2\/posts\/704955","targetHints":{"allow":["GET"]}}],"collection":[{"href":"https:\/\/dailynewshungary.com\/it\/wp-json\/wp\/v2\/posts"}],"about":[{"href":"https:\/\/dailynewshungary.com\/it\/wp-json\/wp\/v2\/types\/post"}],"author":[{"embeddable":true,"href":"https:\/\/dailynewshungary.com\/it\/wp-json\/wp\/v2\/users\/13"}],"replies":[{"embeddable":true,"href":"https:\/\/dailynewshungary.com\/it\/wp-json\/wp\/v2\/comments?post=704955"}],"version-history":[{"count":0,"href":"https:\/\/dailynewshungary.com\/it\/wp-json\/wp\/v2\/posts\/704955\/revisions"}],"wp:featuredmedia":[{"embeddable":true,"href":"https:\/\/dailynewshungary.com\/it\/wp-json\/wp\/v2\/media\/704956"}],"wp:attachment":[{"href":"https:\/\/dailynewshungary.com\/it\/wp-json\/wp\/v2\/media?parent=704955"}],"wp:term":[{"taxonomy":"category","embeddable":true,"href":"https:\/\/dailynewshungary.com\/it\/wp-json\/wp\/v2\/categories?post=704955"},{"taxonomy":"post_tag","embeddable":true,"href":"https:\/\/dailynewshungary.com\/it\/wp-json\/wp\/v2\/tags?post=704955"}],"curies":[{"name":"wp","href":"https:\/\/api.w.org\/{rel}","templated":true}]}}