{"id":705141,"date":"2018-03-22T20:09:15","date_gmt":"2018-03-22T19:09:15","guid":{"rendered":"https:\/\/dailynewshungary.com\/it\/elezione-2018-candidato-al-primo-ministro-socialista-parbeszed-nessuna-alternativa-al-reddito-di-base\/"},"modified":"2018-03-22T20:09:15","modified_gmt":"2018-03-22T19:09:15","slug":"elezione-2018-candidato-al-primo-ministro-socialista-parbeszed-nessuna-alternativa-al-reddito-di-base","status":"publish","type":"post","link":"https:\/\/dailynewshungary.com\/it\/elezione-2018-candidato-al-primo-ministro-socialista-parbeszed-nessuna-alternativa-al-reddito-di-base\/","title":{"rendered":"Elezione 2018 Candidato al Primo Ministro Socialista-P\u00e1rbesz\u00e9d: nessuna alternativa al reddito di base"},"content":{"rendered":"<p><strong>\u00c8 inevitabile che un reddito di base debba essere introdotto in Ungheria e in tutta Europa, ha detto gioved\u00ec il candidato premier dell&#8217;opposizione Socialists-P\u00e1rbesz\u00e9d Gergely Kar\u00e1csony.<\/strong><\/p>\n<p>Entro dieci o vent&#8217;anni, un reddito di base diventer\u00e0 una realt\u00e0 quasi ovunque in Europa, ha detto Kar\u00e1csony alla conferenza <em>Reddito di base: prepararsi alla politica del futuro<\/em>.<\/p>\n<blockquote>\n<p>Un reddito di base pu\u00f2 fornire il modo migliore per ripristinare la coesione sociale dolorosamente assente, ma prima di essere introdotto, dovrebbe essere sperimentato ed esaminati i suoi effetti sull\u2019attivit\u00e0 del mercato del lavoro, ha affermato Kar\u00e1csony.<\/p>\n<\/blockquote>\n<p>Ha aggiunto che un governo a guida socialista aumenterebbe innanzitutto le prestazioni familiari e la pensione di base in modo da garantire il livello di sicurezza fornito da un reddito di base alle persone al di sopra dell&#8217;et\u00e0 lavorativa e un sussidio salariale minimo garantito alle persone in et\u00e0 lavorativa.<\/p>\n<p>Demandando <a href=\"https:\/\/darkgoldenrod-woodcock-377971.hostingersite.com\/tag\/Fidesz\" target=\"_blank\" rel=\"noopener\">Fidesz<\/a> ha risposto che Kar\u00e1csony e l&#8217;alleanza da lui guidata volevano dare denaro gratuito ai migranti pagati da \u201cHungariani laboriosi\u201d. In una dichiarazione riferita al finanziere statunitense <a href=\"https:\/\/darkgoldenrod-woodcock-377971.hostingersite.com\/tag\/George-Soros\" target=\"_blank\" rel=\"noopener\">Giorgio Soros<\/a>, Fidesz ha affermato che un governo di \u201cSoros&#8217;s people\u201d consentirebbe ai migranti di stabilirsi in Ungheria dando loro \u201ca un reddito regolare pagato dai laboriosi ungheresi\u201d senza richiedere loro di lavorare.<\/p>\n","protected":false},"excerpt":{"rendered":"<p>\u00c8 inevitabile che un reddito di base debba essere introdotto in Ungheria e in tutta Europa, ha detto gioved\u00ec il candidato premier dell&#8217;opposizione Socialists-P\u00e1rbesz\u00e9d Gergely Kar\u00e1csony. Entro dieci o vent&#8217;anni, un reddito di base diventer\u00e0 una realt\u00e0 quasi ovunque in Europa, ha detto Kar\u00e1csony alla conferenza Reddito di base: prepararsi alla politica del futuro. Un [&hellip;]<\/p>\n","protected":false},"author":13,"featured_media":705142,"comment_status":"open","ping_status":"open","sticky":false,"template":"","format":"standard","meta":{"_display_image":"","footnotes":""},"categories":[1185],"tags":[1539,1094,1960,1548,1460],"class_list":["post-705141","post","type-post","status-publish","format-standard","has-post-thumbnail","hentry","category-politica-in-ungheria","tag-dialogo-per-lungheria","tag-elezioni","tag-elezioni-2018","tag-socialisti","tag-soldi"],"blocksy_meta":[],"author_username":"kovacszsoka","telegram_post":"","public_post_metadata":{"breaking_news":"","important":"","csempe":"","center_tile":"","disable_thumbnail":"","target_lang":"","_featured_image_style":"","telegram_post":"","_xlat_group_id":""},"public_rank_math_data":{"title":"%titolo% %sep% %nomesito%","description":"\u00c8 inevitabile che un reddito di base debba essere introdotto in Ungheria e in tutta Europa, ha detto Gergely Kar\u00e1csony, candidato primo ministro dell'opposizione Socialisti-P\u00e1rbesz\u00e9d","focus_keyword":"socialista","canonical_url":"","robots":"","primary_category":"1185","breadcrumb_title":"","facebook_title":"","facebook_description":"","facebook_image":"","facebook_image_id":"","twitter_title":"","twitter_description":"","twitter_image":"","twitter_image_id":"","twitter_card_type":"","twitter_use_facebook":"","advanced_robots":"","pillar_content":"","seo_score":"","contentai_score":"","rich_snippet":""},"_links":{"self":[{"href":"https:\/\/dailynewshungary.com\/it\/wp-json\/wp\/v2\/posts\/705141","targetHints":{"allow":["GET"]}}],"collection":[{"href":"https:\/\/dailynewshungary.com\/it\/wp-json\/wp\/v2\/posts"}],"about":[{"href":"https:\/\/dailynewshungary.com\/it\/wp-json\/wp\/v2\/types\/post"}],"author":[{"embeddable":true,"href":"https:\/\/dailynewshungary.com\/it\/wp-json\/wp\/v2\/users\/13"}],"replies":[{"embeddable":true,"href":"https:\/\/dailynewshungary.com\/it\/wp-json\/wp\/v2\/comments?post=705141"}],"version-history":[{"count":0,"href":"https:\/\/dailynewshungary.com\/it\/wp-json\/wp\/v2\/posts\/705141\/revisions"}],"wp:featuredmedia":[{"embeddable":true,"href":"https:\/\/dailynewshungary.com\/it\/wp-json\/wp\/v2\/media\/705142"}],"wp:attachment":[{"href":"https:\/\/dailynewshungary.com\/it\/wp-json\/wp\/v2\/media?parent=705141"}],"wp:term":[{"taxonomy":"category","embeddable":true,"href":"https:\/\/dailynewshungary.com\/it\/wp-json\/wp\/v2\/categories?post=705141"},{"taxonomy":"post_tag","embeddable":true,"href":"https:\/\/dailynewshungary.com\/it\/wp-json\/wp\/v2\/tags?post=705141"}],"curies":[{"name":"wp","href":"https:\/\/api.w.org\/{rel}","templated":true}]}}