{"id":705153,"date":"2018-03-22T14:30:25","date_gmt":"2018-03-22T13:30:25","guid":{"rendered":"https:\/\/dailynewshungary.com\/it\/elezioni-2018-il-candidato-del-primo-ministro-karacsony-il-socialista-parbeszed-vuole-ripristinare-la-pace\/"},"modified":"2018-03-22T14:30:25","modified_gmt":"2018-03-22T13:30:25","slug":"elezioni-2018-il-candidato-del-primo-ministro-karacsony-il-socialista-parbeszed-vuole-ripristinare-la-pace","status":"publish","type":"post","link":"https:\/\/dailynewshungary.com\/it\/elezioni-2018-il-candidato-del-primo-ministro-karacsony-il-socialista-parbeszed-vuole-ripristinare-la-pace\/","title":{"rendered":"Elezioni 2018 Il candidato del Primo Ministro Kar\u00e1csony: il socialista-P\u00e1rbesz\u00e9d vuole ripristinare la \u201cpace\u201d"},"content":{"rendered":"<div class=\"leadNews\"><strong><span id=\"ctl00_ContentPlaceHolder1_ctrlNewsControl_lbLead\">Se l\u2019alleanza socialista-P\u00e1rbesz\u00e9d dovesse essere eletta al potere l\u20198 aprile, cercher\u00e0 di riportare la peace\u201d in Ungheria e ripristinare il danno causato dal [governare] Fidesz nelle anime, ha detto a Salg\u00f3tarj\u00e1n, nel nord dell&#8217;Ungheria, mercoled\u00ec sera.<\/span><\/strong><\/div>\n<div class=\"bodyNews\">\n<p><span id=\"ctl00_ContentPlaceHolder1_ctrlNewsControl_lbBody\">La governance dei partiti al potere basata sulla ricerca di nemici\u201d ha distrutto la pace nel paese, ha insistito Kar\u00e1csony. \u201cSe riusciamo a chiarire che la politica non \u00e8 sinonimo di incitamento all&#8217;odio e saccheggio, se riusciamo a sollevare regioni e persone svantaggiate e a convincere le persone che il governo \u00e8 un servizio, potremmo&#8230; porre fine alla guerra civile che infuria nel paese&#8230;, ha detto il\u201d Kar\u00e1csony in un forum di circa 400 persone.<\/span><\/p>\n<blockquote>\n<p><span id=\"ctl00_ContentPlaceHolder1_ctrlNewsControl_lbBody\">Kar\u00e1csony<\/span> ha detto che intendeva presentare una denuncia penale contro il primo ministro Viktor Orb\u00e1n per \u201ccampaigning in un asilo\u201d. Non solo \u00e8 illegale, ma \u00e8 anche particolarmente dannoso perch\u00e9 la politica educativa del governo priva i nostri figli del loro futuro.\u201d<\/p>\n<\/blockquote>\n<p>Ha anche invitato il suo pubblico a considerare l&#8217;\u201ccosa verr\u00e0 dopo l&#8217;elezione\u201d, e ha avvertito che le \u201cballots espresse per Jobbik potrebbero non essere in buone mani.\u201d Fidesz ha dirottato diverse idee da Jobbik, come \u201cmolesting private school\u201d, o \u201cnazionalizzazione del mercato dei libri scolastici o la revoca dei fondi pensione privati, ha avvertito.<\/p>\n<p><span id=\"ctl00_ContentPlaceHolder1_ctrlNewsControl_lbBody\">Kar\u00e1csony<\/span> invitato il suo pubblico a votare e fare campagna per votare tra i loro conoscenti, \u201cperch\u00e9 allora l&#8217;8 aprile potr\u00e0 diventare la festa della libert\u00e0 ungherese.\u201d<\/p>\n<p><em>immagine in primo piano: MTI<\/em><\/p>\n<\/div>\n","protected":false},"excerpt":{"rendered":"<p>Se l\u2019alleanza socialista-P\u00e1rbesz\u00e9d dovesse essere eletta al potere l\u20198 aprile, cercher\u00e0 di riportare la peace\u201d in Ungheria e ripristinare il danno causato dal [governare] Fidesz nelle anime, ha detto a Salg\u00f3tarj\u00e1n, nel nord dell&#8217;Ungheria, mercoled\u00ec sera. La governance dei partiti al potere basata sulla ricerca di nemici\u201d ha distrutto la pace nel paese, ha insistito [&hellip;]<\/p>\n","protected":false},"author":13,"featured_media":705154,"comment_status":"open","ping_status":"open","sticky":false,"template":"","format":"standard","meta":{"_display_image":"","footnotes":""},"categories":[1185],"tags":[1539,1094,1960,1078,1548],"class_list":["post-705153","post","type-post","status-publish","format-standard","has-post-thumbnail","hentry","category-politica-in-ungheria","tag-dialogo-per-lungheria","tag-elezioni","tag-elezioni-2018","tag-fidesz","tag-socialisti"],"blocksy_meta":[],"author_username":"kovacszsoka","telegram_post":"","public_post_metadata":{"breaking_news":"","important":"","csempe":"","center_tile":"","disable_thumbnail":"","target_lang":"","_featured_image_style":"","telegram_post":"","_xlat_group_id":""},"public_rank_math_data":{"title":"%titolo% %sep% %nomesito%","description":"Se l'alleanza socialista-P\u00e1rbesz\u00e9d dovesse essere eletta al potere l'8 aprile, cercher\u00e0 di \"riportare la pace\" in Ungheria e ripristinare il \"danno causato dal [governo] di Fidesz nelle anime\", ha detto il candidato primo ministro dell'alleanza, Gergely Kar\u00e1csony","focus_keyword":"socialista","canonical_url":"","robots":"","primary_category":"1185","breadcrumb_title":"","facebook_title":"","facebook_description":"","facebook_image":"","facebook_image_id":"","twitter_title":"","twitter_description":"","twitter_image":"","twitter_image_id":"","twitter_card_type":"","twitter_use_facebook":"","advanced_robots":"","pillar_content":"","seo_score":"57","contentai_score":"","rich_snippet":""},"_links":{"self":[{"href":"https:\/\/dailynewshungary.com\/it\/wp-json\/wp\/v2\/posts\/705153","targetHints":{"allow":["GET"]}}],"collection":[{"href":"https:\/\/dailynewshungary.com\/it\/wp-json\/wp\/v2\/posts"}],"about":[{"href":"https:\/\/dailynewshungary.com\/it\/wp-json\/wp\/v2\/types\/post"}],"author":[{"embeddable":true,"href":"https:\/\/dailynewshungary.com\/it\/wp-json\/wp\/v2\/users\/13"}],"replies":[{"embeddable":true,"href":"https:\/\/dailynewshungary.com\/it\/wp-json\/wp\/v2\/comments?post=705153"}],"version-history":[{"count":0,"href":"https:\/\/dailynewshungary.com\/it\/wp-json\/wp\/v2\/posts\/705153\/revisions"}],"wp:featuredmedia":[{"embeddable":true,"href":"https:\/\/dailynewshungary.com\/it\/wp-json\/wp\/v2\/media\/705154"}],"wp:attachment":[{"href":"https:\/\/dailynewshungary.com\/it\/wp-json\/wp\/v2\/media?parent=705153"}],"wp:term":[{"taxonomy":"category","embeddable":true,"href":"https:\/\/dailynewshungary.com\/it\/wp-json\/wp\/v2\/categories?post=705153"},{"taxonomy":"post_tag","embeddable":true,"href":"https:\/\/dailynewshungary.com\/it\/wp-json\/wp\/v2\/tags?post=705153"}],"curies":[{"name":"wp","href":"https:\/\/api.w.org\/{rel}","templated":true}]}}