{"id":705161,"date":"2018-03-22T10:30:14","date_gmt":"2018-03-22T09:30:14","guid":{"rendered":"https:\/\/dailynewshungary.com\/it\/elezioni-2018-il-candidato-primo-ministro-karacsony-puo-escludere-lungheria-dalleuropa-rinnovata\/"},"modified":"2018-03-22T10:30:14","modified_gmt":"2018-03-22T09:30:14","slug":"elezioni-2018-il-candidato-primo-ministro-karacsony-puo-escludere-lungheria-dalleuropa-rinnovata","status":"publish","type":"post","link":"https:\/\/dailynewshungary.com\/it\/elezioni-2018-il-candidato-primo-ministro-karacsony-puo-escludere-lungheria-dalleuropa-rinnovata\/","title":{"rendered":"Elezioni 2018 Il candidato Primo Ministro Kar\u00e1csony pu\u00f2 escludere l\u2019Ungheria dall\u2019Europa rinnovata"},"content":{"rendered":"<p><strong>Le politiche del governo in carica dell&#8217;Ungheria \u201cjeopardise\u201d le possibilit\u00e0 del paese di diventare parte integrante di un&#8217;Europa rinnovata e sociale\u201d, ha detto Gergely Kar\u00e1csony, il candidato primo ministro dell&#8217;alleanza socialista-P\u00e1rbesz\u00e9d, dopo aver incontrato mercoled\u00ec i diplomatici a Budapest.<\/strong><\/p>\n<p>Kar\u00e1csony ha insistito sul fatto che le politiche del governo stavano creando una situazione di guerra nell&#8217;UE\u201d e ha affermato che la comunit\u00e0 potrebbe tagliare i finanziamenti per il paese a causa delle sue offerte non trasparenti che comportano enormi rischi di corruzione\u201d.<\/p>\n<p>Ha promesso che sotto il suo mandato l&#8217;Ungheria entrer\u00e0 a far parte della Procura europea senza indugio e il suo governo \u201cfare ogni passo possibile per distribuire i fondi comunitari in modo trasparente e garantire che raggiungano gli elettori\u201d. Ha aggiunto che i fondi dell&#8217;UE lo saranno <a href=\"https:\/\/dailynewshungary.com\/it\/elezioni-2018-il-candidato-del-primo-ministro-socialista-parbeszed-karacsony-promette-di-dirottare-i-fondi-dellue-verso-lassistenza-sanitaria-e-listruzione\/\" target=\"_blank\" rel=\"noopener\">speso in risorse umane, sanit\u00e0 e welfare<\/a> se la sua alleanza di partito vincesse le prossime elezioni.<\/p>\n<p>Kar\u00e1csony ha respinto le accuse di \u201cfalse e del tutto infondate\u201d secondo cui l&#8217;opposizione sta lavorando per trasformare l&#8217;Ungheria in un rifugio per migranti. Ha detto che il suo governo non sosterrebbe le quote obbligatorie di migranti ma contribuirebbe a una soluzione europea al problema dei migranti attraverso, ad esempio, il rafforzamento della protezione delle frontiere. Ha aggiunto che l&#8217;Ungheria non soffre di una pressione migratoria; \u201cnessuno vuole immigrare, la gente cerca piuttosto di emigrare da questo paese.\u201d<\/p>\n<blockquote>\n<p>A Kar\u00e1csony \u00e8 stato chiesto informazioni sulla stampa secondo cui uno staff di circa 2.000 persone sta attualmente lavorando per implementare il <a href=\"https:\/\/darkgoldenrod-woodcock-377971.hostingersite.com\/tag\/George-Soros\" target=\"_blank\" rel=\"noopener\">\u201cSoros plan\u201d<\/a> in Ungheria.<\/p>\n<\/blockquote>\n<p>Ha detto di non aver sentito il filmato menzionato nei rapporti e ha insistito sul fatto che in Ungheria c&#8217;era il Piano \u201cno Soros\u201d. L&#8217;Ungheria ha un Piano \u201cOrb\u00e1n per cacciare il paese dall&#8217;UE, ha aggiunto il\u201d.<\/p>\n<p>Fidesz ha detto in reazione che sono stati Kar\u00e1csony e il resto dei candidati Soros a rappresentare una minaccia per l&#8217;Ungheria, insistendo sul fatto che intendevano trasformare l&#8217;Ungheria in un paese di \u201cimmigrant\u201d.<\/p>\n<p>\u201cKar\u00e1csony stava esercitando pressioni sugli alleati affidabili di Soros anche a Bruxelles, ha detto in una nota\u201d Fidesz. Il partito ha detto che Kar\u00e1csony stava esercitando pressioni sui politici \u201cche in passato hanno criticato la politica migratoria e la recinzione di confine dell&#8217;Ungheria e hanno sollecitato l&#8217;attuazione dello schema delle quote\u201d. Fidesz ha detto che i politici in questione \u201cvedi Kar\u00e1csony e l&#8217;opposizione come alleati\u201d nei loro obiettivi.<\/p>\n","protected":false},"excerpt":{"rendered":"<p>Le politiche del governo in carica dell&#8217;Ungheria \u201cjeopardise\u201d le possibilit\u00e0 del paese di diventare parte integrante di un&#8217;Europa rinnovata e sociale\u201d, ha detto Gergely Kar\u00e1csony, il candidato primo ministro dell&#8217;alleanza socialista-P\u00e1rbesz\u00e9d, dopo aver incontrato mercoled\u00ec i diplomatici a Budapest. Kar\u00e1csony ha insistito sul fatto che le politiche del governo stavano creando una situazione di guerra [&hellip;]<\/p>\n","protected":false},"author":13,"featured_media":705162,"comment_status":"open","ping_status":"open","sticky":false,"template":"","format":"standard","meta":{"_display_image":"","footnotes":""},"categories":[1185],"tags":[1539,1094,1960,1548],"class_list":["post-705161","post","type-post","status-publish","format-standard","has-post-thumbnail","hentry","category-politica-in-ungheria","tag-dialogo-per-lungheria","tag-elezioni","tag-elezioni-2018","tag-socialisti"],"blocksy_meta":[],"author_username":"kovacszsoka","telegram_post":"","public_post_metadata":{"breaking_news":"","important":"","csempe":"","center_tile":"","disable_thumbnail":"","target_lang":"","_featured_image_style":"","telegram_post":"","_xlat_group_id":""},"public_rank_math_data":{"title":"%titolo% %sep% %nomesito%","description":"Kar\u00e1csony ha insistito sul fatto che le politiche del governo stanno \"creando una situazione di guerra nell'UE\" e ha affermato che la comunit\u00e0 potrebbe tagliare i finanziamenti per il paese a causa delle sue \"offerte non trasparenti che comportano enormi rischi di corruzione\"","focus_keyword":"kar\u00e1csony","canonical_url":"","robots":"","primary_category":"1185","breadcrumb_title":"","facebook_title":"","facebook_description":"","facebook_image":"","facebook_image_id":"","twitter_title":"","twitter_description":"","twitter_image":"","twitter_image_id":"","twitter_card_type":"","twitter_use_facebook":"","advanced_robots":"","pillar_content":"","seo_score":"63","contentai_score":"","rich_snippet":""},"_links":{"self":[{"href":"https:\/\/dailynewshungary.com\/it\/wp-json\/wp\/v2\/posts\/705161","targetHints":{"allow":["GET"]}}],"collection":[{"href":"https:\/\/dailynewshungary.com\/it\/wp-json\/wp\/v2\/posts"}],"about":[{"href":"https:\/\/dailynewshungary.com\/it\/wp-json\/wp\/v2\/types\/post"}],"author":[{"embeddable":true,"href":"https:\/\/dailynewshungary.com\/it\/wp-json\/wp\/v2\/users\/13"}],"replies":[{"embeddable":true,"href":"https:\/\/dailynewshungary.com\/it\/wp-json\/wp\/v2\/comments?post=705161"}],"version-history":[{"count":0,"href":"https:\/\/dailynewshungary.com\/it\/wp-json\/wp\/v2\/posts\/705161\/revisions"}],"wp:featuredmedia":[{"embeddable":true,"href":"https:\/\/dailynewshungary.com\/it\/wp-json\/wp\/v2\/media\/705162"}],"wp:attachment":[{"href":"https:\/\/dailynewshungary.com\/it\/wp-json\/wp\/v2\/media?parent=705161"}],"wp:term":[{"taxonomy":"category","embeddable":true,"href":"https:\/\/dailynewshungary.com\/it\/wp-json\/wp\/v2\/categories?post=705161"},{"taxonomy":"post_tag","embeddable":true,"href":"https:\/\/dailynewshungary.com\/it\/wp-json\/wp\/v2\/tags?post=705161"}],"curies":[{"name":"wp","href":"https:\/\/api.w.org\/{rel}","templated":true}]}}