{"id":705394,"date":"2018-03-12T20:00:52","date_gmt":"2018-03-12T19:00:52","guid":{"rendered":"https:\/\/dailynewshungary.com\/it\/gyurcsany-critica-orban-per-la-risposta-allomicidio-del-giornalista-slovacco\/"},"modified":"2018-03-12T20:00:52","modified_gmt":"2018-03-12T19:00:52","slug":"gyurcsany-critica-orban-per-la-risposta-allomicidio-del-giornalista-slovacco","status":"publish","type":"post","link":"https:\/\/dailynewshungary.com\/it\/gyurcsany-critica-orban-per-la-risposta-allomicidio-del-giornalista-slovacco\/","title":{"rendered":"Gyurcs\u00e1ny critica Orb\u00e1n per la risposta all\u2019omicidio del giornalista slovacco"},"content":{"rendered":"<p><strong>Ferenc Gyurcs\u00e1ny ha criticato Viktor Orb\u00e1n, primo ministro ungherese, per essersi connesso <a href=\"https:\/\/darkgoldenrod-woodcock-377971.hostingersite.com\/tag\/George-Soros\" target=\"_blank\" rel=\"noopener\">Giorgio Soros<\/a> agli eventi in Slovacchia in cui a <a href=\"https:\/\/dailynewshungary.com\/it\/orban-eventi-in-slovacchia-portare-le-impronte-digitali-di-soros\/\" target=\"_blank\" rel=\"noopener\">Giornalista slovacco<\/a> e la sua fidanzata fu assassinata.<\/strong><\/p>\n<p>Riferendosi al finanziere statunitense, Orb\u00e1n ha dichiarato in un&#8217;intervista televisiva che la rete di \u201cSoros sta facendo tutto il possibile per rovesciare i governi anti-immigrazione\u201d.<\/p>\n<p>Gyurcs\u00e1ny, leader della Coalizione Democratica (DK) dell&#8217;opposizione, ha dichiarato luned\u00ec in una conferenza stampa che Orb\u00e1n avrebbe dovuto semplicemente esprimere le sue condoglianze alle famiglie delle vittime.<\/p>\n<p>Il leader del DK ha anche respinto le affermazioni di Orb\u00e1n <a href=\"https:\/\/dailynewshungary.com\/it\/orban-accogliere-i-migranti-rovinerebbe-le-finanze-dellungheria\/\" target=\"_blank\" rel=\"noopener\">alcuni benefici sarebbero inaccessibili<\/a> se l&#8217;Ungheria dovesse sostenere finanziariamente i migranti nel caso in cui l&#8217;opposizione vincesse le elezioni generali dell&#8217;8 aprile.<\/p>\n<blockquote>\n<p>\u201cOrb\u00e1n vuole che abbiamo paura, ha detto\u201d Gyurcs\u00e1ny. \u201cMa la nostra vera paura dovrebbe essere una situazione che si sviluppi in Ungheria simile a quelle di Slovacchia e Russia.\u201d<\/p>\n<\/blockquote>\n<p>Nel frattempo, Gyurcs\u00e1ny ha detto che il partito di opposizione LMP non ha ancora risposto all&#8217;offerta di DK di coordinarsi nelle singole circoscrizioni elettorali.<\/p>\n<p>Il partito al governo ha affermato in un comunicato che Gyurcs\u00e1ny ha effettuato una \u201crush\u201d in difesa di Soros, aggiungendo che \u201cSoros e la sua rete\u201d stanno cogliendo ogni opportunit\u00e0 disponibile per rovesciare i governi che si oppongono all&#8217;insediamento dei migranti e alla loro distribuzione basata su una quota.<\/p>\n<p><em>immagine in primo piano: MTI\/AP\/Ronald Zak<\/em><\/p>\n","protected":false},"excerpt":{"rendered":"<p>Ferenc Gyurcs\u00e1ny ha criticato Viktor Orb\u00e1n, primo ministro ungherese, per essersi connesso Giorgio Soros agli eventi in Slovacchia in cui a Giornalista slovacco e la sua fidanzata fu assassinata. Riferendosi al finanziere statunitense, Orb\u00e1n ha dichiarato in un&#8217;intervista televisiva che la rete di \u201cSoros sta facendo tutto il possibile per rovesciare i governi anti-immigrazione\u201d. Gyurcs\u00e1ny, [&hellip;]<\/p>\n","protected":false},"author":13,"featured_media":705395,"comment_status":"open","ping_status":"open","sticky":false,"template":"","format":"standard","meta":{"_display_image":"","footnotes":""},"categories":[1185],"tags":[1093,1116,1083],"class_list":["post-705394","post","type-post","status-publish","format-standard","has-post-thumbnail","hentry","category-politica-in-ungheria","tag-coalizione-democratica","tag-slovacchia","tag-viktor-orban"],"blocksy_meta":[],"author_username":"kovacszsoka","telegram_post":"","public_post_metadata":{"breaking_news":"","important":"","csempe":"","center_tile":"","disable_thumbnail":"","target_lang":"","_featured_image_style":"","telegram_post":"","_xlat_group_id":""},"public_rank_math_data":{"title":"%titolo% %sep% %nomesito%","description":"Gyurcs\u00e1ny, leader della Coalizione Democratica (DK) dell'opposizione, ha dichiarato luned\u00ec in una conferenza stampa che Orb\u00e1n avrebbe dovuto semplicemente esprimere le sue condoglianze alle famiglie delle vittime","focus_keyword":"gyurcs\u00e1ny, orb\u00e1n","canonical_url":"","robots":"","primary_category":"1185","breadcrumb_title":"","facebook_title":"","facebook_description":"","facebook_image":"","facebook_image_id":"","twitter_title":"","twitter_description":"","twitter_image":"","twitter_image_id":"","twitter_card_type":"","twitter_use_facebook":"","advanced_robots":"","pillar_content":"","seo_score":"66","contentai_score":"","rich_snippet":""},"_links":{"self":[{"href":"https:\/\/dailynewshungary.com\/it\/wp-json\/wp\/v2\/posts\/705394","targetHints":{"allow":["GET"]}}],"collection":[{"href":"https:\/\/dailynewshungary.com\/it\/wp-json\/wp\/v2\/posts"}],"about":[{"href":"https:\/\/dailynewshungary.com\/it\/wp-json\/wp\/v2\/types\/post"}],"author":[{"embeddable":true,"href":"https:\/\/dailynewshungary.com\/it\/wp-json\/wp\/v2\/users\/13"}],"replies":[{"embeddable":true,"href":"https:\/\/dailynewshungary.com\/it\/wp-json\/wp\/v2\/comments?post=705394"}],"version-history":[{"count":0,"href":"https:\/\/dailynewshungary.com\/it\/wp-json\/wp\/v2\/posts\/705394\/revisions"}],"wp:featuredmedia":[{"embeddable":true,"href":"https:\/\/dailynewshungary.com\/it\/wp-json\/wp\/v2\/media\/705395"}],"wp:attachment":[{"href":"https:\/\/dailynewshungary.com\/it\/wp-json\/wp\/v2\/media?parent=705394"}],"wp:term":[{"taxonomy":"category","embeddable":true,"href":"https:\/\/dailynewshungary.com\/it\/wp-json\/wp\/v2\/categories?post=705394"},{"taxonomy":"post_tag","embeddable":true,"href":"https:\/\/dailynewshungary.com\/it\/wp-json\/wp\/v2\/tags?post=705394"}],"curies":[{"name":"wp","href":"https:\/\/api.w.org\/{rel}","templated":true}]}}