{"id":705642,"date":"2018-03-03T07:30:47","date_gmt":"2018-03-03T06:30:47","guid":{"rendered":"https:\/\/dailynewshungary.com\/it\/fm-ungherese-lintegrazione-ue-dei-balcani-occidentali-e-una-enorme-opportunita-economica\/"},"modified":"2018-03-03T07:30:47","modified_gmt":"2018-03-03T06:30:47","slug":"fm-ungherese-lintegrazione-ue-dei-balcani-occidentali-e-una-enorme-opportunita-economica","status":"publish","type":"post","link":"https:\/\/dailynewshungary.com\/it\/fm-ungherese-lintegrazione-ue-dei-balcani-occidentali-e-una-enorme-opportunita-economica\/","title":{"rendered":"FM ungherese: l\u2019integrazione UE dei Balcani occidentali \u00e8 una \u201cenorme opportunit\u00e0 economica\u201d"},"content":{"rendered":"<p><strong>L&#8217;integrazione dell&#8217;Unione Europea dei paesi dei Balcani occidentali rappresenta un&#8217;enorme opportunit\u00e0 economica per il blocco, mentre potrebbe porre un serio problema all&#8217;interno dell&#8217;UE, ha detto gioved\u00ec il ministro degli Esteri P\u00e9ter Szijj\u00e1rt\u00f3.<\/strong><\/p>\n<p>Le economie dei paesi dei Balcani occidentali crescono a un tasso pari o superiore al tasso di crescita medio dell&#8217;UE, ha detto Szijj\u00e1rt\u00f3 in una conferenza organizzata dall&#8217;ufficio ungherese della Konrad-Adenauer-Stiftung.<\/p>\n<blockquote>\n<p>Toccando gli aspetti di sicurezza del <a href=\"https:\/\/dailynewshungary.com\/it\/il-gruppo-visegrad-sostiene-lallargamento-dellue-ai-balcani-occidentali\/\" target=\"_blank\" rel=\"noopener\">Balcani occidentali<\/a>\u2018Integrazione dell\u2019 Ue, ha detto il ministro se la regione si dimostrasse stabile come parte dell&#8217;Ue, il blocco avrebbe molte pi\u00f9 possibilit\u00e0 di fermare l&#8217;ondata migratoria che il continente deve affrontare.<\/p>\n<\/blockquote>\n<p>L&#8217;integrazione della regione dei Balcani occidentali \u00e8 una delle maggiori sfide dell&#8217;UE, ha detto Szijj\u00e1rt\u00f3. Ha detto di essere rimasto scioccato nel leggere il rapporto della Commissione europea che fissa il calendario per l&#8217;adesione <a href=\"https:\/\/dailynewshungary.com\/it\/la-fm-ungherese-esorta-bruxelles-ad-accelerare-i-colloqui-di-adesione-del-montenegro\/\" target=\"_blank\" rel=\"noopener\">Montenegro<\/a> e la Serbia al 2025.<\/p>\n<p><em>immagine in primo piano: MTI<\/em><\/p>\n","protected":false},"excerpt":{"rendered":"<p>L&#8217;integrazione dell&#8217;Unione Europea dei paesi dei Balcani occidentali rappresenta un&#8217;enorme opportunit\u00e0 economica per il blocco, mentre potrebbe porre un serio problema all&#8217;interno dell&#8217;UE, ha detto gioved\u00ec il ministro degli Esteri P\u00e9ter Szijj\u00e1rt\u00f3. Le economie dei paesi dei Balcani occidentali crescono a un tasso pari o superiore al tasso di crescita medio dell&#8217;UE, ha detto Szijj\u00e1rt\u00f3 [&hellip;]<\/p>\n","protected":false},"author":13,"featured_media":705643,"comment_status":"open","ping_status":"open","sticky":false,"template":"","format":"standard","meta":{"_display_image":"","footnotes":""},"categories":[1185],"tags":[1131,1132,1075],"class_list":["post-705642","post","type-post","status-publish","format-standard","has-post-thumbnail","hentry","category-politica-in-ungheria","tag-balcani","tag-economia","tag-unione-europea"],"blocksy_meta":[],"author_username":"kovacszsoka","telegram_post":"","public_post_metadata":{"breaking_news":"","important":"","csempe":"","center_tile":"","disable_thumbnail":"","target_lang":"","_featured_image_style":"","telegram_post":"","_xlat_group_id":""},"public_rank_math_data":{"title":"%titolo% %sep% %nomesito%","description":"FM Szijj\u00e1rt\u00f3: L'integrazione dell'Unione europea dei paesi dei Balcani occidentali rappresenta una \"enorme opportunit\u00e0 economica\" per il blocco, mentre potrebbe rappresentare \"un problema serio\" se non aderiranno all'UE","focus_keyword":"balcani","canonical_url":"","robots":"","primary_category":"1185","breadcrumb_title":"","facebook_title":"","facebook_description":"","facebook_image":"","facebook_image_id":"","twitter_title":"","twitter_description":"","twitter_image":"","twitter_image_id":"","twitter_card_type":"","twitter_use_facebook":"","advanced_robots":"","pillar_content":"","seo_score":"58","contentai_score":"","rich_snippet":""},"_links":{"self":[{"href":"https:\/\/dailynewshungary.com\/it\/wp-json\/wp\/v2\/posts\/705642","targetHints":{"allow":["GET"]}}],"collection":[{"href":"https:\/\/dailynewshungary.com\/it\/wp-json\/wp\/v2\/posts"}],"about":[{"href":"https:\/\/dailynewshungary.com\/it\/wp-json\/wp\/v2\/types\/post"}],"author":[{"embeddable":true,"href":"https:\/\/dailynewshungary.com\/it\/wp-json\/wp\/v2\/users\/13"}],"replies":[{"embeddable":true,"href":"https:\/\/dailynewshungary.com\/it\/wp-json\/wp\/v2\/comments?post=705642"}],"version-history":[{"count":0,"href":"https:\/\/dailynewshungary.com\/it\/wp-json\/wp\/v2\/posts\/705642\/revisions"}],"wp:featuredmedia":[{"embeddable":true,"href":"https:\/\/dailynewshungary.com\/it\/wp-json\/wp\/v2\/media\/705643"}],"wp:attachment":[{"href":"https:\/\/dailynewshungary.com\/it\/wp-json\/wp\/v2\/media?parent=705642"}],"wp:term":[{"taxonomy":"category","embeddable":true,"href":"https:\/\/dailynewshungary.com\/it\/wp-json\/wp\/v2\/categories?post=705642"},{"taxonomy":"post_tag","embeddable":true,"href":"https:\/\/dailynewshungary.com\/it\/wp-json\/wp\/v2\/tags?post=705642"}],"curies":[{"name":"wp","href":"https:\/\/api.w.org\/{rel}","templated":true}]}}