{"id":705696,"date":"2018-03-01T10:34:48","date_gmt":"2018-03-01T09:34:48","guid":{"rendered":"https:\/\/dailynewshungary.com\/it\/orban-e-in-cima-alla-lista-nazionale-fidesz-cristiano-democratica-al-potere\/"},"modified":"2018-03-01T10:34:48","modified_gmt":"2018-03-01T09:34:48","slug":"orban-e-in-cima-alla-lista-nazionale-fidesz-cristiano-democratica-al-potere","status":"publish","type":"post","link":"https:\/\/dailynewshungary.com\/it\/orban-e-in-cima-alla-lista-nazionale-fidesz-cristiano-democratica-al-potere\/","title":{"rendered":"Orb\u00e1n \u00e8 in cima alla lista nazionale fidesz-cristiano-democratica al potere"},"content":{"rendered":"<p><strong>Il leader del partito Viktor Orb\u00e1n, il primo ministro, \u00e8 in cima alla lista nazionale dell&#8217;alleanza al potere alleato Fidesz-Democratico Cristiano (KDNP) per le elezioni parlamentari dell&#8217;8 aprile, secondo la lista pubblicata mercoled\u00ec sera.<\/strong><\/p>\n<p>Orb\u00e1n \u00e8 seguito da Zsolt Semj\u00e9n, leader della Democrazia Cristiana e vice primo ministro.<\/p>\n<p>Al terzo posto nella lista dei 279 membri c&#8217;\u00e8 il presidente della Camera L\u00e1szl\u00f3 K\u00f6v\u00e9r, seguito dal vice leader di Fidesz Katalin Nov\u00e1k, dal ministro dell&#8217;Economia Mih\u00e1ly Varga, dal vice leader di Fidesz e leader del gruppo parlamentare Gergely Guly\u00e1s, nonch\u00e9 dai vice leader di Fidesz G\u00e1bor Kubatov e Szil\u00e1rd N\u00e9meth, Il ministro delle Risorse umane Zolt\u00e1n Balog e il leader del gruppo KDNP P\u00e9ter Harrach.<\/p>\n<p>Tra i candidati elencati dall&#8217;11\u00b0 posto figurano i leader delle organizzazioni che lavorano in alleanza con Fidesz: S\u00e1ndor Lezs\u00e1k, Istv\u00e1n Jakab, Bal\u00e1zs Gy\u0151rffy, B\u00e9la Turi-Kov\u00e1cs, Krist\u00f3f Szatm\u00e1ry, L\u00e1szl\u00f3 B\u00f6r\u00f6cz e Flori\u00e1n Farkas.<\/p>\n<p>Il prossimo nella lista \u00e8 M\u00e1rta M\u00e1trai, primo funzionario dell&#8217;Assemblea nazionale, al 18\u00b0 posto, seguito da Zsolt N\u00e9meth, presidente della commissione per gli affari esteri del parlamento.<\/p>\n<p>La lista classifica il segretario di stato parlamentare J\u00e1nos Fnnagy al 21\u00b0 posto e il vicepresidente della Camera J\u00e1nos Latorcai al 22\u00b0.<\/p>\n<p>Sono seguiti dal capo dell&#8217;ufficio governativo J\u00e1nos L\u00e1z\u00e1r, dal ministro dello sviluppo urbano Lajos K\u00f3sa, dal ministro degli Esteri P\u00e9ter Szijj\u00e1rt\u00f3, dal capo dell&#8217;ufficio di gabinetto Antal Rog\u00e1n, dal ministro dell&#8217;Agricoltura S\u00e1ndor Fazekas, <a href=\"https:\/\/dailynewshungary.com\/it\/170-anni-delle-forze-di-difesa-ungheresi\/\" target=\"_blank\" rel=\"noopener\">Il ministro della Difesa Istv\u00e1n Simicsk\u00f3<\/a>, il ministro dello Sviluppo nazionale Mikl\u00f3s Seszt\u00e0k nonch\u00e9 J\u00e1nos S\u00fcli, ministro incaricato del progetto di potenziamento della centrale nucleare di Paks.<\/p>\n<p>Gli elettori ungheresi eleggeranno un parlamento composto da 199 membri l&#8217;8 aprile. Saranno eletti 106 legislatori nelle singole circoscrizioni elettorali e 93 nelle liste nazionali.<\/p>\n<p><em>immagine in primo piano: MTI<\/em><\/p>\n","protected":false},"excerpt":{"rendered":"<p>Il leader del partito Viktor Orb\u00e1n, il primo ministro, \u00e8 in cima alla lista nazionale dell&#8217;alleanza al potere alleato Fidesz-Democratico Cristiano (KDNP) per le elezioni parlamentari dell&#8217;8 aprile, secondo la lista pubblicata mercoled\u00ec sera. Orb\u00e1n \u00e8 seguito da Zsolt Semj\u00e9n, leader della Democrazia Cristiana e vice primo ministro. Al terzo posto nella lista dei 279 [&hellip;]<\/p>\n","protected":false},"author":13,"featured_media":705697,"comment_status":"open","ping_status":"open","sticky":false,"template":"","format":"standard","meta":{"_display_image":"","footnotes":""},"categories":[1185],"tags":[1093,1094,1960,1078,1083],"class_list":["post-705696","post","type-post","status-publish","format-standard","has-post-thumbnail","hentry","category-politica-in-ungheria","tag-coalizione-democratica","tag-elezioni","tag-elezioni-2018","tag-fidesz","tag-viktor-orban"],"blocksy_meta":[],"author_username":"kovacszsoka","telegram_post":"","public_post_metadata":{"breaking_news":"","important":"","csempe":"","center_tile":"","disable_thumbnail":"","target_lang":"","_featured_image_style":"","telegram_post":"","_xlat_group_id":""},"public_rank_math_data":{"title":"%titolo% %sep% %nomesito%","description":"Il leader del partito Viktor Orb\u00e1n, il primo ministro, \u00e8 in cima alla lista nazionale dell'alleanza al potere alleato Fidesz-Democratico Cristiano (KDNP) per le elezioni parlamentari dell'8 aprile","focus_keyword":"","canonical_url":"","robots":"","primary_category":"1185","breadcrumb_title":"","facebook_title":"","facebook_description":"","facebook_image":"","facebook_image_id":"","twitter_title":"","twitter_description":"","twitter_image":"","twitter_image_id":"","twitter_card_type":"","twitter_use_facebook":"","advanced_robots":"","pillar_content":"","seo_score":"","contentai_score":"","rich_snippet":""},"_links":{"self":[{"href":"https:\/\/dailynewshungary.com\/it\/wp-json\/wp\/v2\/posts\/705696","targetHints":{"allow":["GET"]}}],"collection":[{"href":"https:\/\/dailynewshungary.com\/it\/wp-json\/wp\/v2\/posts"}],"about":[{"href":"https:\/\/dailynewshungary.com\/it\/wp-json\/wp\/v2\/types\/post"}],"author":[{"embeddable":true,"href":"https:\/\/dailynewshungary.com\/it\/wp-json\/wp\/v2\/users\/13"}],"replies":[{"embeddable":true,"href":"https:\/\/dailynewshungary.com\/it\/wp-json\/wp\/v2\/comments?post=705696"}],"version-history":[{"count":0,"href":"https:\/\/dailynewshungary.com\/it\/wp-json\/wp\/v2\/posts\/705696\/revisions"}],"wp:featuredmedia":[{"embeddable":true,"href":"https:\/\/dailynewshungary.com\/it\/wp-json\/wp\/v2\/media\/705697"}],"wp:attachment":[{"href":"https:\/\/dailynewshungary.com\/it\/wp-json\/wp\/v2\/media?parent=705696"}],"wp:term":[{"taxonomy":"category","embeddable":true,"href":"https:\/\/dailynewshungary.com\/it\/wp-json\/wp\/v2\/categories?post=705696"},{"taxonomy":"post_tag","embeddable":true,"href":"https:\/\/dailynewshungary.com\/it\/wp-json\/wp\/v2\/tags?post=705696"}],"curies":[{"name":"wp","href":"https:\/\/api.w.org\/{rel}","templated":true}]}}