{"id":705753,"date":"2018-02-27T07:30:54","date_gmt":"2018-02-27T06:30:54","guid":{"rendered":"https:\/\/dailynewshungary.com\/it\/sono-necessarie-politiche-equilibrate-dellue-nel-processo-di-pace-in-medio-oriente-afferma-un-funzionario-governativo\/"},"modified":"2018-02-27T07:30:54","modified_gmt":"2018-02-27T06:30:54","slug":"sono-necessarie-politiche-equilibrate-dellue-nel-processo-di-pace-in-medio-oriente-afferma-un-funzionario-governativo","status":"publish","type":"post","link":"https:\/\/dailynewshungary.com\/it\/sono-necessarie-politiche-equilibrate-dellue-nel-processo-di-pace-in-medio-oriente-afferma-un-funzionario-governativo\/","title":{"rendered":"Sono necessarie politiche equilibrate dell\u2019UE nel processo di pace in Medio Oriente, afferma un funzionario governativo"},"content":{"rendered":"<p><strong>Il <a href=\"https:\/\/dailynewshungary.com\/it\/la-grande-rapina-al-treno-britannico-come-una-banda-di-15-uomini-rubo-26-milioni-di-sterline-nel-1963\/\" target=\"_blank\" rel=\"noopener\">Unione europea<\/a> deve perseguire politiche equilibrate in materia di conflitti nel <a href=\"https:\/\/dailynewshungary.com\/it\/la-grande-rapina-al-treno-britannico-come-una-banda-di-15-uomini-rubo-26-milioni-di-sterline-nel-1963\/\" target=\"_blank\" rel=\"noopener\">Medio Oriente<\/a>, ha detto luned\u00ec il segretario di Stato del Ministero degli Esteri Levente Magyar.<\/strong><\/p>\n<p>Ha chiesto che la prossima riunione del consiglio di associazione UE-Israele si svolga quanto prima.<\/p>\n<p>Dopo una riunione del ministero degli Esteri dell&#8217;UE a Bruxelles, Magyar ha detto<\/p>\n<blockquote>\n<p>i partecipanti hanno esaminato il processo di pace e presentato le loro opinioni riguardo alle possibilit\u00e0 di riavviare i colloqui israelo-palestinesi.<\/p>\n<\/blockquote>\n<p>L&#8217;Alto rappresentante dell&#8217;UE per gli affari esteri e la politica di sicurezza Federica Mogherini ha presentato una relazione sulla conferenza dei donatori della scorsa settimana sulla regione del Sahel, in cui l&#8217;Ungheria si \u00e8 offerta di aumentare il numero di soldati in servizio in una missione di addestramento militare dell&#8217;UE in Mali da sei a 21, ha osservato Magyar. La stabilit\u00e0 della regione \u00e8 una questione molto importante e il rafforzamento dell&#8217;esercito del Mali \u00e8 importante nella lotta contro l&#8217;immigrazione clandestina e il terrorismo, ha affermato il ministero in una nota.<\/p>\n<p>L&#8217;incontro ha inoltre esaminato i progressi delle riforme in Moldavia. L&#8217;Ungheria ha sempre sostenuto una stretta cooperazione con i paesi vicini all&#8217;UE, ha osservato Magyar.<\/p>\n<blockquote>\n<p>\u201cL&#8217;UE dovrebbe incoraggiare la Moldavia a continuare a perseguire riforme e sostenere il paese L&#8217;UE dovrebbe mantenere realistiche le aspettative,\u201d ha aggiunto.<\/p>\n<\/blockquote>\n<p><em>Foto: MTI\/EPA\/Ala Badarneh<\/em><\/p>\n","protected":false},"excerpt":{"rendered":"<p>Il Unione europea deve perseguire politiche equilibrate in materia di conflitti nel Medio Oriente, ha detto luned\u00ec il segretario di Stato del Ministero degli Esteri Levente Magyar. Ha chiesto che la prossima riunione del consiglio di associazione UE-Israele si svolga quanto prima. Dopo una riunione del ministero degli Esteri dell&#8217;UE a Bruxelles, Magyar ha detto [&hellip;]<\/p>\n","protected":false},"author":2,"featured_media":705754,"comment_status":"open","ping_status":"open","sticky":false,"template":"","format":"standard","meta":{"_display_image":"","footnotes":""},"categories":[1185],"tags":[1154,1350,1092,1075],"class_list":["post-705753","post","type-post","status-publish","format-standard","has-post-thumbnail","hentry","category-politica-in-ungheria","tag-guerra","tag-medio-oriente","tag-ministero-degli-affari-esteri-dellungheria","tag-unione-europea"],"blocksy_meta":[],"author_username":"alk","telegram_post":"","public_post_metadata":{"breaking_news":"","important":"","csempe":"","center_tile":"","disable_thumbnail":"","target_lang":"","_featured_image_style":"","telegram_post":"","_xlat_group_id":""},"public_rank_math_data":{"title":"%titolo% %sep% %nomesito%","description":"L'Unione europea deve perseguire politiche equilibrate riguardo ai conflitti in Medio Oriente, ha detto luned\u00ec il segretario di Stato del ministero degli Esteri Levente Magyar.","focus_keyword":"Medio Oriente","canonical_url":"","robots":"","primary_category":"1185","breadcrumb_title":"","facebook_title":"","facebook_description":"","facebook_image":"","facebook_image_id":"","twitter_title":"","twitter_description":"","twitter_image":"","twitter_image_id":"","twitter_card_type":"","twitter_use_facebook":"","advanced_robots":"","pillar_content":"","seo_score":"62","contentai_score":"","rich_snippet":""},"_links":{"self":[{"href":"https:\/\/dailynewshungary.com\/it\/wp-json\/wp\/v2\/posts\/705753","targetHints":{"allow":["GET"]}}],"collection":[{"href":"https:\/\/dailynewshungary.com\/it\/wp-json\/wp\/v2\/posts"}],"about":[{"href":"https:\/\/dailynewshungary.com\/it\/wp-json\/wp\/v2\/types\/post"}],"author":[{"embeddable":true,"href":"https:\/\/dailynewshungary.com\/it\/wp-json\/wp\/v2\/users\/2"}],"replies":[{"embeddable":true,"href":"https:\/\/dailynewshungary.com\/it\/wp-json\/wp\/v2\/comments?post=705753"}],"version-history":[{"count":0,"href":"https:\/\/dailynewshungary.com\/it\/wp-json\/wp\/v2\/posts\/705753\/revisions"}],"wp:featuredmedia":[{"embeddable":true,"href":"https:\/\/dailynewshungary.com\/it\/wp-json\/wp\/v2\/media\/705754"}],"wp:attachment":[{"href":"https:\/\/dailynewshungary.com\/it\/wp-json\/wp\/v2\/media?parent=705753"}],"wp:term":[{"taxonomy":"category","embeddable":true,"href":"https:\/\/dailynewshungary.com\/it\/wp-json\/wp\/v2\/categories?post=705753"},{"taxonomy":"post_tag","embeddable":true,"href":"https:\/\/dailynewshungary.com\/it\/wp-json\/wp\/v2\/tags?post=705753"}],"curies":[{"name":"wp","href":"https:\/\/api.w.org\/{rel}","templated":true}]}}