{"id":705984,"date":"2018-02-17T20:30:45","date_gmt":"2018-02-17T19:30:45","guid":{"rendered":"https:\/\/dailynewshungary.com\/it\/queste-tre-citta-ungheresi-sono-le-finaliste-per-il-titolo-di-capitale-europea-della-cultura\/"},"modified":"2018-02-17T20:30:45","modified_gmt":"2018-02-17T19:30:45","slug":"queste-tre-citta-ungheresi-sono-le-finaliste-per-il-titolo-di-capitale-europea-della-cultura","status":"publish","type":"post","link":"https:\/\/dailynewshungary.com\/it\/queste-tre-citta-ungheresi-sono-le-finaliste-per-il-titolo-di-capitale-europea-della-cultura\/","title":{"rendered":"Queste tre citt\u00e0 ungheresi sono le finaliste per il titolo di Capitale Europea della Cultura"},"content":{"rendered":"<p><strong><a href=\"https:\/\/24.hu\/kultura\/2018\/02\/15\/ez-a-harom-magyar-varos-lehet-meg-europa-kulturalis-fovarosa\/\" rel=\"noopener\" target=\"_blank\">24.hu<\/a> riferisce che sono stati scelti i tre finalisti per la Capitale europea della cultura Complessivamente <a href=\"https:\/\/dailynewshungary.com\/it\/sette-citta-ungheresi-si-candidano-per-il-titolo-di-capitale-europea-della-cultura\/\" rel=\"noopener\">sette citt\u00e0<\/a> applicato.<\/strong><\/p>\n<p>La giuria professionale indipendente ha scelto i progetti consegnati per la gara da Debrecen, Gy ther e Veszpr\u00e9m Queste citt\u00e0 sono in competizione per rappresentare l&#8217;Ungheria al progetto Capitale Europea della Cultura 2023.<\/p>\n<p>Gli esperti della Commissione europea si sono riuniti a Budapest recentemente per scegliere i tre migliori da selezionare tra i sette offerenti (Debrecen, Eger, G\u00f6d\u00f6ll, Gy Gyr, Sz\u00e9kes\u00e9rv\u00e1r, Szombathely, Veszpr\u00e9m) (Debrecen, Eger, G\u00f6d\u00f6d\u00f6ll, Gy therv\u00e1r, Szombathely, Veszpr\u00e9m) (Segretario aggiunto responsabile per le relazioni culturali e gli sviluppi presso il Ministero delle Risorse Umane).<\/p>\n<p>Il presidente dell&#8217;agenzia ungherese della Commissione europea Zupk\u00f3 G\u00e1bor ha sottolineato che il progetto Capitale europea della cultura \u00e8 un ottimo esempio per la comprensione e la conformit\u00e0 all&#8217;interno dell&#8217;Unione europea riguardo alle questioni pi\u00f9 importanti Uno degli aspetti importanti su cui<\/p>\n<blockquote>\n<p>i membri dell\u2019UE concordano sul fatto che una forte identit\u00e0 nazionale \u00e8 integrata dall\u2019identit\u00e0 europea, sostenuta tra molte altre dal patrimonio culturale.<\/p>\n<\/blockquote>\n<p>La Capitale Europea della Cultura \u00e8 uno dei progetti culturali europei pi\u00f9 popolari, dove si trova un&#8217;altra citt\u00e0 ungherese <a href=\"https:\/\/dailynewshungary.com\/it\/il-gioiello-del-sud-10-luoghi-da-visitare-a-pecs\/\" rel=\"noopener\">P\u00e9cs<\/a>, ha vinto il titolo della Capitale nel 2010.<\/p>\n<p>Il presidente della giuria professionale indipendente Aiva Rozenberga ha dichiarato che i giudici hanno scelto le gare di Debrecen, Gy\u0151r e Veszpr\u00e9m I piani sono stati valutati secondo sei criteri L&#8217;aspetto pi\u00f9 importante era quello che una data citt\u00e0 poteva mostrare all&#8217;Europa e cos&#8217;\u00e8 che pu\u00f2 imparare dall&#8217;Europa.<\/p>\n<p>Il vicepresidente della giuria Csaba K\u00e1el ha dichiarato a MTI che due dei dodici membri della giuria erano ungheresi. Cos\u00ec i sette candidati potrebbero dimostrare i loro valori culturali a un gruppo internazionale. Secondo K\u00e1el,<\/p>\n<blockquote>\n<p>i candidati possono utilizzare le strategie culturali da loro presentate anche se non vincono il titolo di Capitale Europea della Cultura 2023.<\/p>\n<\/blockquote>\n<p>Il suggerimento della giuria per la rosa dei candidati sar\u00e0 finalizzato con la decisione del governo, in seguito a ci\u00f2, i tre &#8220;concorrenti&#8221; potranno lavorare ulteriormente sulle loro offerte La giuria si riunir\u00e0 nuovamente alla fine del 2018 per scegliere la citt\u00e0 finalista che rappresenter\u00e0 l&#8217;Ungheria.<\/p>\n","protected":false},"excerpt":{"rendered":"<p>24.hu riferisce che sono stati scelti i tre finalisti per la Capitale europea della cultura Complessivamente sette citt\u00e0 applicato. La giuria professionale indipendente ha scelto i progetti consegnati per la gara da Debrecen, Gy ther e Veszpr\u00e9m Queste citt\u00e0 sono in competizione per rappresentare l&#8217;Ungheria al progetto Capitale Europea della Cultura 2023. Gli esperti della [&hellip;]<\/p>\n","protected":false},"author":13,"featured_media":705985,"comment_status":"open","ping_status":"open","sticky":false,"template":"","format":"standard","meta":{"_display_image":"","footnotes":""},"categories":[1207],"tags":[1389,1072,1075,1073],"class_list":["post-705984","post","type-post","status-publish","format-standard","has-post-thumbnail","hentry","category-societa-in-ungheria","tag-debrecen","tag-turismo","tag-unione-europea","tag-viaggi"],"blocksy_meta":[],"author_username":"kovacszsoka","telegram_post":"","public_post_metadata":{"breaking_news":"","important":"","csempe":"","center_tile":"","disable_thumbnail":"","target_lang":"","_featured_image_style":"","telegram_post":"","_xlat_group_id":""},"public_rank_math_data":{"title":"%titolo% %sep% %nomesito%","description":"Gli esperti della Commissione europea si sono recentemente riuniti a Budapest per scegliere i tre migliori da selezionare tra i sette offerenti","focus_keyword":"capitale europea della cultura","canonical_url":"","robots":"","primary_category":"1207","breadcrumb_title":"","facebook_title":"","facebook_description":"","facebook_image":"","facebook_image_id":"","twitter_title":"","twitter_description":"","twitter_image":"","twitter_image_id":"","twitter_card_type":"","twitter_use_facebook":"","advanced_robots":"","pillar_content":"","seo_score":"57","contentai_score":"","rich_snippet":""},"_links":{"self":[{"href":"https:\/\/dailynewshungary.com\/it\/wp-json\/wp\/v2\/posts\/705984","targetHints":{"allow":["GET"]}}],"collection":[{"href":"https:\/\/dailynewshungary.com\/it\/wp-json\/wp\/v2\/posts"}],"about":[{"href":"https:\/\/dailynewshungary.com\/it\/wp-json\/wp\/v2\/types\/post"}],"author":[{"embeddable":true,"href":"https:\/\/dailynewshungary.com\/it\/wp-json\/wp\/v2\/users\/13"}],"replies":[{"embeddable":true,"href":"https:\/\/dailynewshungary.com\/it\/wp-json\/wp\/v2\/comments?post=705984"}],"version-history":[{"count":0,"href":"https:\/\/dailynewshungary.com\/it\/wp-json\/wp\/v2\/posts\/705984\/revisions"}],"wp:featuredmedia":[{"embeddable":true,"href":"https:\/\/dailynewshungary.com\/it\/wp-json\/wp\/v2\/media\/705985"}],"wp:attachment":[{"href":"https:\/\/dailynewshungary.com\/it\/wp-json\/wp\/v2\/media?parent=705984"}],"wp:term":[{"taxonomy":"category","embeddable":true,"href":"https:\/\/dailynewshungary.com\/it\/wp-json\/wp\/v2\/categories?post=705984"},{"taxonomy":"post_tag","embeddable":true,"href":"https:\/\/dailynewshungary.com\/it\/wp-json\/wp\/v2\/tags?post=705984"}],"curies":[{"name":"wp","href":"https:\/\/api.w.org\/{rel}","templated":true}]}}