{"id":706057,"date":"2018-02-15T09:30:52","date_gmt":"2018-02-15T08:30:52","guid":{"rendered":"https:\/\/dailynewshungary.com\/it\/orban-il-governo-ungherese-non-puo-essere-ricattato\/"},"modified":"2018-02-15T09:30:52","modified_gmt":"2018-02-15T08:30:52","slug":"orban-il-governo-ungherese-non-puo-essere-ricattato","status":"publish","type":"post","link":"https:\/\/dailynewshungary.com\/it\/orban-il-governo-ungherese-non-puo-essere-ricattato\/","title":{"rendered":"Orb\u00e1n: Il governo ungherese non pu\u00f2 essere ricattato"},"content":{"rendered":"<p><strong>I gruppi di interesse economico e politico stranieri guidati dal [miliardario americano George] Soros vorrebbero vedere un governo ungherese debole che possa essere ricattato, ha detto mercoled\u00ec il primo ministro ungherese Viktor Orb\u00e1n.<\/strong><\/p>\n<p>A causa della gestione della crisi dopo il 2010 e degli sforzi per mettere sotto il controllo nazionale i fornitori di servizi energetici, alcune banche e una parte dei media di propriet\u00e0 tedesca, il governo ha cessato di essere esposto al ricatto, ha detto Orb\u00e1n in una riunione dei legislatori al potere del partito Fidesz e KDNP. DENTRO <a href=\"https:\/\/darkgoldenrod-woodcock-377971.hostingersite.com\/tag\/Visegrad-Four\" target=\"_blank\" rel=\"noopener\">Visegr\u00e1d<\/a>, nel nord dell&#8217;Ungheria, mercoled\u00ec sera.<\/p>\n<p>\u201cNessun paese pu\u00f2 essere indipendente in assenza di media nazionali N\u00e9 pu\u00f2 essere indipendente, se pu\u00f2 essere ricattato con mezzi finanziari, ha detto\u201d Orb\u00e1n, citato dal quotidiano nazionale Magyar Id\u0151k.<\/p>\n<p>Per questo motivo, la posta in gioco del prossimo <a href=\"https:\/\/darkgoldenrod-woodcock-377971.hostingersite.com\/tag\/election-2018\" target=\"_blank\" rel=\"noopener\">elezioni generali di aprile<\/a> \u00e8 se l&#8217;Ungheria avr\u00e0 un governo indipendente o uno che pu\u00f2 essere ricattato Quest&#8217;ultimo rinuncerebbe all&#8217;indipendenza nazionale e lascerebbe che l&#8217;Ungheria si trasformasse in un paese migrante, ha detto.<\/p>\n<blockquote>\n<p>Citando uno statista straniero, Orb\u00e1n ha affermato che la disperazione genera odio.<\/p>\n<\/blockquote>\n<p>Ha aggiunto che l&#8217;opposizione dovrebbe lanciare una campagna di odio nei 50 giorni a venire.<\/p>\n<p>\u201cQuesto \u00e8 il loro unico messaggio Vogliono dare la caccia a tutti noi perch\u00e9 ci troviamo di mezzo a coloro che vogliono trasformare l&#8217;Ungheria in un paese migrante e l&#8217;Europa in un continente migrante, ha detto\u201d.<\/p>\n<p>Orb\u00e1n ha detto che c&#8217;\u00e8 una campagna diffamatoria all&#8217;estero contro i partiti al governo, con l&#8217;aiuto di organizzazioni internazionali e giornali\u201d. Vengono pagati da gruppi di interesse\u201c\u201d che si aspettano una pay-off\u201d se \u201c riescono a ottenere il permesso che c&#8217;\u00e8 un cambiamento di governo in Ungheria, ha detto il primo ministro.<\/p>\n<p>\u201cLe societ\u00e0 energetiche straniere vogliono riavere i profitti che hanno perso a causa dei tagli dei prezzi dei servizi pubblici e le banche vogliono compensare le perdite accumulate sulla tax\u201d bancaria, ha detto.<\/p>\n<p>\u201cInoltre, la sinistra politica internazionale sta lavorando per imporci migranti con l&#8217;aiuto di <a href=\"https:\/\/darkgoldenrod-woodcock-377971.hostingersite.com\/tag\/George-Soros\" target=\"_blank\" rel=\"noopener\">Soros<\/a> e Bruxelles, cosa che dovrebbe accadere piuttosto presto, gi\u00e0 quest&#8217;estate, come ha rivelato per caso il primo ministro belga,\u201d, ha aggiunto.<\/p>\n<blockquote>\n<p>\u201cMa non siamo soli\u201d, ha insistito Orb\u00e1n, sottolineando la formazione del Gruppo Visegr\u00e1d che ha descritto come una forte alleanza di paesi dell&#8217;Europa centrale.<\/p>\n<\/blockquote>\n<p>\u201cSiamo su un piano comune anche con i nostri vicini, Serbia e Romania, e abbiamo alleati anche a Vienna, ha detto Orb\u00e1n, aggiungendo che nello stato tedesco della Baviera si \u00e8 formato un governo fermamente impegnato nei valori cristiani.<\/p>\n<p>Oltre a questo, i governi delle potenze leader, a Washington, Pechino e Mosca, considerano l&#8217;Ungheria un&#8217;amica, ha detto Orb\u00e1n.<\/p>\n<p><em>immagine in primo piano: MTI<\/em><\/p>\n","protected":false},"excerpt":{"rendered":"<p>I gruppi di interesse economico e politico stranieri guidati dal [miliardario americano George] Soros vorrebbero vedere un governo ungherese debole che possa essere ricattato, ha detto mercoled\u00ec il primo ministro ungherese Viktor Orb\u00e1n. A causa della gestione della crisi dopo il 2010 e degli sforzi per mettere sotto il controllo nazionale i fornitori di servizi [&hellip;]<\/p>\n","protected":false},"author":13,"featured_media":706058,"comment_status":"open","ping_status":"open","sticky":false,"template":"","format":"standard","meta":{"_display_image":"","footnotes":""},"categories":[1185],"tags":[1960,1551,1083],"class_list":["post-706057","post","type-post","status-publish","format-standard","has-post-thumbnail","hentry","category-politica-in-ungheria","tag-elezioni-2018","tag-soros","tag-viktor-orban"],"blocksy_meta":[],"author_username":"kovacszsoka","telegram_post":"","public_post_metadata":{"breaking_news":"","important":"","csempe":"","center_tile":"","disable_thumbnail":"","target_lang":"","_featured_image_style":"","telegram_post":"","_xlat_group_id":""},"public_rank_math_data":{"title":"%titolo% %sep% %nomesito%","description":"PM: I gruppi di interesse economico e politico stranieri guidati da Soros vorrebbero vedere un governo ungherese debole in atto che possa essere ricattato","focus_keyword":"Orb\u00e1n","canonical_url":"","robots":"","primary_category":"1185","breadcrumb_title":"","facebook_title":"","facebook_description":"","facebook_image":"","facebook_image_id":"","twitter_title":"","twitter_description":"","twitter_image":"","twitter_image_id":"","twitter_card_type":"","twitter_use_facebook":"","advanced_robots":"","pillar_content":"","seo_score":"64","contentai_score":"","rich_snippet":""},"_links":{"self":[{"href":"https:\/\/dailynewshungary.com\/it\/wp-json\/wp\/v2\/posts\/706057","targetHints":{"allow":["GET"]}}],"collection":[{"href":"https:\/\/dailynewshungary.com\/it\/wp-json\/wp\/v2\/posts"}],"about":[{"href":"https:\/\/dailynewshungary.com\/it\/wp-json\/wp\/v2\/types\/post"}],"author":[{"embeddable":true,"href":"https:\/\/dailynewshungary.com\/it\/wp-json\/wp\/v2\/users\/13"}],"replies":[{"embeddable":true,"href":"https:\/\/dailynewshungary.com\/it\/wp-json\/wp\/v2\/comments?post=706057"}],"version-history":[{"count":0,"href":"https:\/\/dailynewshungary.com\/it\/wp-json\/wp\/v2\/posts\/706057\/revisions"}],"wp:featuredmedia":[{"embeddable":true,"href":"https:\/\/dailynewshungary.com\/it\/wp-json\/wp\/v2\/media\/706058"}],"wp:attachment":[{"href":"https:\/\/dailynewshungary.com\/it\/wp-json\/wp\/v2\/media?parent=706057"}],"wp:term":[{"taxonomy":"category","embeddable":true,"href":"https:\/\/dailynewshungary.com\/it\/wp-json\/wp\/v2\/categories?post=706057"},{"taxonomy":"post_tag","embeddable":true,"href":"https:\/\/dailynewshungary.com\/it\/wp-json\/wp\/v2\/tags?post=706057"}],"curies":[{"name":"wp","href":"https:\/\/api.w.org\/{rel}","templated":true}]}}