{"id":706472,"date":"2018-01-30T07:13:57","date_gmt":"2018-01-30T06:13:57","guid":{"rendered":"https:\/\/dailynewshungary.com\/it\/lungheria-e-favorevole-a-una-pac-piu-favorevole-agli-agricoltori-dopo-il-2020-afferma-il-ministro\/"},"modified":"2018-01-30T07:13:57","modified_gmt":"2018-01-30T06:13:57","slug":"lungheria-e-favorevole-a-una-pac-piu-favorevole-agli-agricoltori-dopo-il-2020-afferma-il-ministro","status":"publish","type":"post","link":"https:\/\/dailynewshungary.com\/it\/lungheria-e-favorevole-a-una-pac-piu-favorevole-agli-agricoltori-dopo-il-2020-afferma-il-ministro\/","title":{"rendered":"L\u2019Ungheria \u00e8 favorevole a una PAC \u201cpi\u00f9 favorevole agli agricoltori\u201d dopo il 2020, afferma il ministro"},"content":{"rendered":"<p><strong>L&#8217;interesse dell&#8217;Ungheria risiede nell&#8217;introduzione di una politica agricola comune (PAC) pi\u00f9 semplice e pi\u00f9 favorevole agli agricoltori <a href=\"https:\/\/dailynewshungary.com\/it\/la-grande-rapina-al-treno-britannico-come-una-banda-di-15-uomini-rubo-26-milioni-di-sterline-nel-1963\/\" target=\"_blank\" rel=\"noopener\">Unione europea<\/a> oltre il 2020, ha detto luned\u00ec a Bruxelles S\u00e1ndor Fazekas, ministro dell\u2019Agricoltura.&nbsp;<\/strong><\/p>\n<p>\u00c8 a favore dell&#8217;Ungheria che la maggioranza degli Stati membri concordi sulla necessit\u00e0 di una politica agricola che consenta un accesso pi\u00f9 facile ai finanziamenti dell&#8217;UE ma che allo stesso tempo assicuri una produzione alimentare costante, ha detto Fazekas ai media pubblici a margine di un incontro con le sue controparti dell&#8217;UE. Tale politica deve anche consentire all&#8217;UE di servire adeguatamente i suoi mercati di esportazione, ha aggiunto il ministro.<\/p>\n<p>Sul tema dei fondi destinati al comune <a href=\"https:\/\/dailynewshungary.com\/it\/la-grande-rapina-al-treno-britannico-come-una-banda-di-15-uomini-rubo-26-milioni-di-sterline-nel-1963\/\" target=\"_blank\" rel=\"noopener\">agricolo<\/a> politica, ha detto Fazekas<\/p>\n<blockquote>\n<p>era importante che gli Stati membri non fossero in grado di finanziare direttamente i propri agricoltori utilizzando i fondi della PAC. Se gli Stati membri pi\u00f9 ricchi lo facessero, ci\u00f2 metterebbe gli Stati membri pi\u00f9 poveri in grave svantaggio, ha sostenuto.<\/p>\n<\/blockquote>\n<p>Fazekas ha ripetuto la posizione del governo secondo cui gli Stati membri dovrebbero aumentare i loro contributi al bilancio dell&#8217;UE, compresi i pagamenti della PAC, L&#8217;Ungheria \u00e8 pronta ad aumentare il suo contributo al bilancio dell&#8217;UE all&#8217;1,2 per cento del suo reddito nazionale lordo per il prossimo ciclo di finanziamento, ha aggiunto.<\/p>\n<p>L&#8217;UE \u00e8 pronta a completare i lavori preparatori su una nuova politica agricola comune a marzo, ha affermato Fazekas.<\/p>\n<p><em>Foto: MTI<\/em><\/p>\n","protected":false},"excerpt":{"rendered":"<p>L&#8217;interesse dell&#8217;Ungheria risiede nell&#8217;introduzione di una politica agricola comune (PAC) pi\u00f9 semplice e pi\u00f9 favorevole agli agricoltori Unione europea oltre il 2020, ha detto luned\u00ec a Bruxelles S\u00e1ndor Fazekas, ministro dell\u2019Agricoltura.&nbsp; \u00c8 a favore dell&#8217;Ungheria che la maggioranza degli Stati membri concordi sulla necessit\u00e0 di una politica agricola che consenta un accesso pi\u00f9 facile ai [&hellip;]<\/p>\n","protected":false},"author":2,"featured_media":706473,"comment_status":"open","ping_status":"open","sticky":false,"template":"","format":"standard","meta":{"_display_image":"","footnotes":""},"categories":[1314],"tags":[1272,1132,1075],"class_list":["post-706472","post","type-post","status-publish","format-standard","has-post-thumbnail","hentry","category-economia-in-ungheria","tag-agricoltura","tag-economia","tag-unione-europea"],"blocksy_meta":[],"author_username":"alk","telegram_post":"","public_post_metadata":{"breaking_news":"","important":"","csempe":"","center_tile":"","disable_thumbnail":"","target_lang":"","_featured_image_style":"","telegram_post":"","_xlat_group_id":""},"public_rank_math_data":{"title":"%titolo% %sep% %nomesito%","description":"L'interesse dell'Ungheria risiede nell'introduzione di una politica agricola comune (PAC) pi\u00f9 semplice e \"pi\u00f9 favorevole agli agricoltori\" nell'Unione europea oltre il 2020.","focus_keyword":"adatto agli agricoltori","canonical_url":"","robots":"","primary_category":"1314","breadcrumb_title":"","facebook_title":"","facebook_description":"","facebook_image":"","facebook_image_id":"","twitter_title":"","twitter_description":"","twitter_image":"","twitter_image_id":"","twitter_card_type":"","twitter_use_facebook":"","advanced_robots":"","pillar_content":"","seo_score":"60","contentai_score":"","rich_snippet":""},"_links":{"self":[{"href":"https:\/\/dailynewshungary.com\/it\/wp-json\/wp\/v2\/posts\/706472","targetHints":{"allow":["GET"]}}],"collection":[{"href":"https:\/\/dailynewshungary.com\/it\/wp-json\/wp\/v2\/posts"}],"about":[{"href":"https:\/\/dailynewshungary.com\/it\/wp-json\/wp\/v2\/types\/post"}],"author":[{"embeddable":true,"href":"https:\/\/dailynewshungary.com\/it\/wp-json\/wp\/v2\/users\/2"}],"replies":[{"embeddable":true,"href":"https:\/\/dailynewshungary.com\/it\/wp-json\/wp\/v2\/comments?post=706472"}],"version-history":[{"count":0,"href":"https:\/\/dailynewshungary.com\/it\/wp-json\/wp\/v2\/posts\/706472\/revisions"}],"wp:featuredmedia":[{"embeddable":true,"href":"https:\/\/dailynewshungary.com\/it\/wp-json\/wp\/v2\/media\/706473"}],"wp:attachment":[{"href":"https:\/\/dailynewshungary.com\/it\/wp-json\/wp\/v2\/media?parent=706472"}],"wp:term":[{"taxonomy":"category","embeddable":true,"href":"https:\/\/dailynewshungary.com\/it\/wp-json\/wp\/v2\/categories?post=706472"},{"taxonomy":"post_tag","embeddable":true,"href":"https:\/\/dailynewshungary.com\/it\/wp-json\/wp\/v2\/tags?post=706472"}],"curies":[{"name":"wp","href":"https:\/\/api.w.org\/{rel}","templated":true}]}}