{"id":706611,"date":"2018-01-24T10:00:47","date_gmt":"2018-01-24T09:00:47","guid":{"rendered":"https:\/\/dailynewshungary.com\/it\/viktor-orban-ha-colloqui-con-il-presidente-della-confederazione-europea-di-pallavolo\/"},"modified":"2018-01-24T10:00:47","modified_gmt":"2018-01-24T09:00:47","slug":"viktor-orban-ha-colloqui-con-il-presidente-della-confederazione-europea-di-pallavolo","status":"publish","type":"post","link":"https:\/\/dailynewshungary.com\/it\/viktor-orban-ha-colloqui-con-il-presidente-della-confederazione-europea-di-pallavolo\/","title":{"rendered":"Viktor Orb\u00e1n ha colloqui con il presidente della Confederazione europea di pallavolo"},"content":{"rendered":"<p><strong>Nel corso di un incontro tenutosi nel Palazzo del Parlamento, il Primo Ministro Viktor Orb\u00e1n e Aleksandar Boricic, Presidente della Confederazione Europea di Pallavolo (CEV) e Vicepresidente Esecutivo della Federazione Internazionale di Pallavolo, hanno parlato dei risultati raggiunti dall&#8217;Ungheria nella pallavolo, il sistema creato per sovvenzionare lo sport in Ungheria e nel <a href=\"https:\/\/dailynewshungary.com\/it\/la-grande-rapina-al-treno-britannico-come-una-banda-di-15-uomini-rubo-26-milioni-di-sterline-nel-1963\/\" target=\"_blank\" rel=\"noopener\">Campionati Europei<\/a> che si terr\u00e0 l&#8217;anno prossimo, Bertalan Havasi, capo della stampa del Primo Ministro, ha informato l&#8217;agenzia di stampa ungherese MTI.<\/strong><\/p>\n<p>All&#8217;incontro di marted\u00ec mattina, al quale ha partecipato anche il Presidente della Federazione ungherese di pallavolo Ferenc Kov\u00e1cs, le parti hanno concluso che la pallavolo ungherese aveva fatto grandi progressi negli ultimi anni, hanno sottolineato in particolare le prestazioni della squadra femminile, i risultati ottenuti agli ultimi due Campionati Europei, e il raggiungimento della vittoria del gruppo tre della serie World Grand Prix.<\/p>\n<figure id=\"attachment_166125\" aria-describedby=\"caption-attachment-166125\" style=\"width: 1024px\" class=\"wp-caption aligncenter\"><img loading=\"lazy\" decoding=\"async\" class=\"wp-image-166125 size-large\" src=\"https:\/\/dailynewshungary.com\/wp-content\/uploads\/2018\/01\/orb\u00e1n-volleyball2-1024x682.jpg\" alt=\"Orb\u00e1n Volleyball X\" width=\"1024\" height=\"682\" srcset=\"https:\/\/contentf5.dailynewshungary.com\/wp-content\/uploads\/2018\/01\/orb\u00e1n-volleyball2-1024x682.jpg 1024w, https:\/\/contentf5.dailynewshungary.com\/wp-content\/uploads\/2018\/01\/orb\u00e1n-volleyball2-300x200.jpg 300w, https:\/\/contentf5.dailynewshungary.com\/wp-content\/uploads\/2018\/01\/orb\u00e1n-volleyball2-768x511.jpg 768w, https:\/\/contentf5.dailynewshungary.com\/wp-content\/uploads\/2018\/01\/orb\u00e1n-volleyball2-220x146.jpg 220w, https:\/\/contentf5.dailynewshungary.com\/wp-content\/uploads\/2018\/01\/orb\u00e1n-volleyball2-600x399.jpg 600w, https:\/\/contentf5.dailynewshungary.com\/wp-content\/uploads\/2018\/01\/orb\u00e1n-volleyball2-200x133.jpg 200w, https:\/\/contentf5.dailynewshungary.com\/wp-content\/uploads\/2018\/01\/orb\u00e1n-volleyball2-1080x719.jpg 1080w, https:\/\/contentf5.dailynewshungary.com\/wp-content\/uploads\/2018\/01\/orb\u00e1n-volleyball2.jpg 2048w\" sizes=\"auto, (max-width: 1024px) 100vw, 1024px\"><figcaption id=\"caption-attachment-166125\" class=\"wp-caption-text\">Foto: www.kormany.hu<\/figcaption><\/figure>\n<p>Il fatto che la pallavolo sia stata inclusa nel sistema creato per sovvenzionare gli sport per spettatori di squadra attraverso le entrate derivanti dalle prestazioni fiscali sulle societ\u00e0 \u00e8 una grande opportunit\u00e0, ma comporta anche moltissimi compiti, hanno concordato le parti durante l&#8217;incontro.<\/p>\n<blockquote>\n<p><span style=\"color: #0000ff;\">Le parti attendono con ansia i Campionati Europei che si terranno nel 2019, uno dei paesi ospitanti sar\u00e0 l&#8217;Ungheria.<\/span><\/p>\n<\/blockquote>\n<p>Budapest ha gi\u00e0 dimostrato il suo valore come una delle capitali dello sport del mondo con <a href=\"https:\/\/dailynewshungary.com\/it\/la-grande-rapina-al-treno-britannico-come-una-banda-di-15-uomini-rubo-26-milioni-di-sterline-nel-1963\/\" target=\"_blank\" rel=\"noopener\">i Campionati mondiali di nuoto, <\/a>e quindi non c&#8217;\u00e8 alcun ostacolo ad ospitare altri eventi sportivi internazionali ai massimi livelli, hanno concluso.<\/p>\n<p>La squadra maschile ungherese potr\u00e0 qualificarsi per la partecipazione al campionato europeo tra agosto 2018 e gennaio 2019, mentre la squadra femminile prender\u00e0 parte alla manifestazione in qualit\u00e0 di co-conduttrice Il campionato europeo di pallavolo maschile si terr\u00e0 in Francia, Slovenia, Belgio e Paesi Bassi, mentre oltre all&#8217;Ungheria il campionato europeo femminile sar\u00e0 ospitato da Polonia, Slovacchia e Turchia.<\/p>\n<p><em>Immagine in primo piano: www.kormany.hu<\/em><\/p>\n","protected":false},"excerpt":{"rendered":"<p>Nel corso di un incontro tenutosi nel Palazzo del Parlamento, il Primo Ministro Viktor Orb\u00e1n e Aleksandar Boricic, Presidente della Confederazione Europea di Pallavolo (CEV) e Vicepresidente Esecutivo della Federazione Internazionale di Pallavolo, hanno parlato dei risultati raggiunti dall&#8217;Ungheria nella pallavolo, il sistema creato per sovvenzionare lo sport in Ungheria e nel Campionati Europei che [&hellip;]<\/p>\n","protected":false},"author":7,"featured_media":706612,"comment_status":"open","ping_status":"open","sticky":false,"template":"","format":"standard","meta":{"_display_image":"","footnotes":""},"categories":[1268],"tags":[1723,1247,1286],"class_list":["post-706611","post","type-post","status-publish","format-standard","has-post-thumbnail","hentry","category-sport","tag-campionato-europeo","tag-parlamento","tag-successo"],"blocksy_meta":[],"author_username":"Szandi","telegram_post":"","public_post_metadata":{"breaking_news":"","important":"","csempe":"","center_tile":"","disable_thumbnail":"","target_lang":"","_featured_image_style":"","telegram_post":"","_xlat_group_id":""},"public_rank_math_data":{"title":"%titolo% %sep% %nomesito%","description":"Viktor Orb\u00e1n e Aleksandar Boricic hanno parlato dei risultati ottenuti dall'Ungheria nella pallavolo e del sistema creato per sovvenzionare lo sport in Ungheria.","focus_keyword":"pallavolo","canonical_url":"","robots":"","primary_category":"1268","breadcrumb_title":"","facebook_title":"","facebook_description":"","facebook_image":"","facebook_image_id":"","twitter_title":"","twitter_description":"","twitter_image":"","twitter_image_id":"","twitter_card_type":"","twitter_use_facebook":"","advanced_robots":"","pillar_content":"","seo_score":"61","contentai_score":"","rich_snippet":""},"_links":{"self":[{"href":"https:\/\/dailynewshungary.com\/it\/wp-json\/wp\/v2\/posts\/706611","targetHints":{"allow":["GET"]}}],"collection":[{"href":"https:\/\/dailynewshungary.com\/it\/wp-json\/wp\/v2\/posts"}],"about":[{"href":"https:\/\/dailynewshungary.com\/it\/wp-json\/wp\/v2\/types\/post"}],"author":[{"embeddable":true,"href":"https:\/\/dailynewshungary.com\/it\/wp-json\/wp\/v2\/users\/7"}],"replies":[{"embeddable":true,"href":"https:\/\/dailynewshungary.com\/it\/wp-json\/wp\/v2\/comments?post=706611"}],"version-history":[{"count":0,"href":"https:\/\/dailynewshungary.com\/it\/wp-json\/wp\/v2\/posts\/706611\/revisions"}],"wp:featuredmedia":[{"embeddable":true,"href":"https:\/\/dailynewshungary.com\/it\/wp-json\/wp\/v2\/media\/706612"}],"wp:attachment":[{"href":"https:\/\/dailynewshungary.com\/it\/wp-json\/wp\/v2\/media?parent=706611"}],"wp:term":[{"taxonomy":"category","embeddable":true,"href":"https:\/\/dailynewshungary.com\/it\/wp-json\/wp\/v2\/categories?post=706611"},{"taxonomy":"post_tag","embeddable":true,"href":"https:\/\/dailynewshungary.com\/it\/wp-json\/wp\/v2\/tags?post=706611"}],"curies":[{"name":"wp","href":"https:\/\/api.w.org\/{rel}","templated":true}]}}