{"id":707656,"date":"2017-12-10T17:00:08","date_gmt":"2017-12-10T16:00:08","guid":{"rendered":"https:\/\/dailynewshungary.com\/it\/csiksomlyo-pilgrimage-e-sulla-strada-per-diventare-un-hungaricum\/"},"modified":"2017-12-10T17:00:08","modified_gmt":"2017-12-10T16:00:08","slug":"csiksomlyo-pilgrimage-e-sulla-strada-per-diventare-un-hungaricum","status":"publish","type":"post","link":"https:\/\/dailynewshungary.com\/it\/csiksomlyo-pilgrimage-e-sulla-strada-per-diventare-un-hungaricum\/","title":{"rendered":"Cs\u00edksomly\u00f3 Pilgrimage \u00e8 sulla strada per diventare un Hungaricum"},"content":{"rendered":"<p><strong><a href=\"https:\/\/sokszinuvidek.24.hu\/mozaik\/2017\/12\/08\/belepett-a-hungarikumok-eloszobajaba-a-csiksomlyoi-bucsu\/\" target=\"_blank\" rel=\"noopener noreferrer\">Soksz\u00edn Gmbvid\u00e9k.24.hu<\/a> riferisce che l&#8217;evento eccezionale, il pellegrinaggio a Cs\u00edksomly\u00f3 \u00e8 diventato parte della Collezione di valori ungheresi.<\/strong><\/p>\n<p>La Commissione Hungaricum giustifica la sua scelta di scegliere il Pellegrinaggio Cs\u00edksomly\u00f3 per far parte della Collezione degli Ungari facendo notare che l&#8217;evento, organizzato nel 1567 per la prima volta, <a href=\"https:\/\/dailynewshungary.com\/it\/il-pellegrinaggio-csiksomlyo-rafforza-la-coesione-tra-gli-ungheresi\/\" target=\"_blank\" rel=\"noopener noreferrer\">simboleggia la solidariet\u00e0 e la coesione tra gli ungheresi, <\/a>e quindi vale la pena di conservare.<\/p>\n<p>Possono essere dichiarati solo quei valori nazionali <a href=\"https:\/\/dailynewshungary.com\/it\/cosa-sono-esattamente-gli-hungarikum\/\" target=\"_blank\" rel=\"noopener noreferrer\">Ungarici <\/a>che sono gi\u00e0 stati ammessi alla Raccolta dei valori ungheresi Pertanto, si tratta di un processo multilivello, in cui l&#8217;ultimo passo per giudicare i valori come Hungaricum \u00e8 richiedere il loro record nella Raccolta degli Hungaricum.<\/p>\n<figure id=\"attachment_157883\" aria-describedby=\"caption-attachment-157883\" style=\"width: 800px\" class=\"wp-caption aligncenter\"><img loading=\"lazy\" decoding=\"async\" class=\"wp-image-157883 size-full\" src=\"https:\/\/contentf5.dailynewshungary.com\/wp-content\/uploads\/2017\/12\/Csiksomlyoi_bucsu_04.jpg\" alt=\"Csiksomlyoi Bucsu\" width=\"800\" height=\"600\"><figcaption id=\"caption-attachment-157883\" class=\"wp-caption-text\">wikicommons di Pilise G\u00e1bor (Pilgab)<\/figcaption><\/figure>\n<h4>La storia del Pellegrinaggio Cs\u00edksomly\u00f3<\/h4>\n<p>450 anni fa, il popolo Sz\u00e9kely, fedele alla propria religione, si riun\u00ec a Cs\u00edksomly\u00f3 per chiedere aiuto a Dio, alla Vergine Maria per aver preservato la propria fede, e ringraziarlo per la loro assistenza.<\/p>\n<blockquote>\n<p style=\"text-align: center;\"><span style=\"color: #333399;\">La richiesta di aiuto nel 1567 si articol\u00f2 tra i conflitti religiosi tra protestanti e cattolici, e questo fu il momento in cui i pellegrini partecipanti al pellegrinaggio decisero di non alzare la voce contro una persona o una questione, ma di rafforzare la loro fede in Dio in questa occasione speciale. <\/span><\/p>\n<\/blockquote>\n<p>Per la sua commemorazione, la domenica di Pentecoste, le persone si recano in comune in pellegrinaggio a Cs\u00edksomly\u00f3 per onorare la Beata Vergine Maria.<\/p>\n<figure id=\"attachment_17606\" aria-describedby=\"caption-attachment-17606\" style=\"width: 1024px\" class=\"wp-caption aligncenter\"><img loading=\"lazy\" decoding=\"async\" class=\"wp-image-17606 size-large\" src=\"https:\/\/dailynewshungary.com\/wp-content\/uploads\/2015\/05\/IMG_9414-1024x683.jpg\" alt=\"IMG X\" width=\"1024\" height=\"683\" srcset=\"https:\/\/contentf5.dailynewshungary.com\/wp-content\/uploads\/2015\/05\/IMG_9414-1024x683.jpg 1024w, https:\/\/contentf5.dailynewshungary.com\/wp-content\/uploads\/2015\/05\/IMG_9414-300x200.jpg 300w, https:\/\/contentf5.dailynewshungary.com\/wp-content\/uploads\/2015\/05\/IMG_9414-600x400.jpg 600w\" sizes=\"auto, (max-width: 1024px) 100vw, 1024px\"><figcaption id=\"caption-attachment-17606\" class=\"wp-caption-text\">Notizie quotidiane Ungheria<\/figcaption><\/figure>\n<p>Cs\u00edksomly\u00f3 \u00e8 diventato un simbolo nel corso degli anni in quanto \u00e8 visto come il paradiso cattolico del popolo Sz\u00e9kely.<\/p>\n<blockquote>\n<p style=\"text-align: center;\"><span style=\"color: #333399;\"> Il pellegrinaggio di Pentecoste \u00e8 un evento che riunisce il popolo Sz\u00e9kely e gli ungheresi che vivono in diaspora Oggi, questo evento \u00e8 il <a href=\"https:\/\/dailynewshungary.com\/csiksomlyoi-bucsu-the-largest-catholic-celebration-of-the-year-for-hungarians-on-june-7\/\" target=\"_blank\" rel=\"noopener noreferrer\">pi\u00f9 grande raduno annuale<\/a> in Romania.<\/span><\/p>\n<\/blockquote>\n<p>Secondo il<a href=\"https:\/\/www.catholicsandcultures.org\/romania\/pilgrimages\/csiksomlyo-pilgrimage\" target=\"_blank\" rel=\"noopener noreferrer\"> cattolicieculture.org<\/a>, le persone portano striscioni con le immagini del santo patrono dei loro villaggi e molti di loro viaggiano per diversi giorni per arrivare a Cs\u00edksomly\u00f3 La Messa della Pentecoste si tiene in un anfiteatro naturale vicino al convento francescano Dopo la Messa, i pellegrini sono soliti visitare i loro amici, mentre alcuni di loro iniziano immediatamente il viaggio di ritorno a casa Coloro che partecipano alla veglia possono assistere a come le donne cantano canti per lodare la Vergine Maria e presentarle oggetti chiedendole la sua benedizione.<\/p>\n<figure id=\"attachment_17600\" aria-describedby=\"caption-attachment-17600\" style=\"width: 1024px\" class=\"wp-caption aligncenter\"><img loading=\"lazy\" decoding=\"async\" class=\"wp-image-17600 size-large\" src=\"https:\/\/dailynewshungary.com\/wp-content\/uploads\/2015\/05\/IMG_9363-1024x683.jpg\" alt=\"IMG X\" width=\"1024\" height=\"683\" srcset=\"https:\/\/contentf5.dailynewshungary.com\/wp-content\/uploads\/2015\/05\/IMG_9363-1024x683.jpg 1024w, https:\/\/contentf5.dailynewshungary.com\/wp-content\/uploads\/2015\/05\/IMG_9363-300x200.jpg 300w, https:\/\/contentf5.dailynewshungary.com\/wp-content\/uploads\/2015\/05\/IMG_9363-600x400.jpg 600w\" sizes=\"auto, (max-width: 1024px) 100vw, 1024px\"><figcaption id=\"caption-attachment-17600\" class=\"wp-caption-text\">Notizie quotidiane Ungheria<\/figcaption><\/figure>\n<p>Questa tradizione vale la pena di essere mantenuta ed \u00e8 per questo che non sorprende che il processo di dichiarazione del pellegrinaggio un Hungaricum, che \u00e8 unico e ha attributi ungheresi, sia gi\u00e0 iniziato Speriamo tutto il meglio per l&#8217;evento e siamo positivi che sar\u00e0 chiamato un Hungaricum presto  the<\/p>\n<p><em>Immagine in primo piano: dailynewshungary<\/em><\/p>\n","protected":false},"excerpt":{"rendered":"<p>Soksz\u00edn Gmbvid\u00e9k.24.hu riferisce che l&#8217;evento eccezionale, il pellegrinaggio a Cs\u00edksomly\u00f3 \u00e8 diventato parte della Collezione di valori ungheresi. La Commissione Hungaricum giustifica la sua scelta di scegliere il Pellegrinaggio Cs\u00edksomly\u00f3 per far parte della Collezione degli Ungari facendo notare che l&#8217;evento, organizzato nel 1567 per la prima volta, simboleggia la solidariet\u00e0 e la coesione tra [&hellip;]<\/p>\n","protected":false},"author":17,"featured_media":707657,"comment_status":"open","ping_status":"open","sticky":false,"template":"","format":"standard","meta":{"_display_image":"","footnotes":""},"categories":[1304],"tags":[1307,1538,1597,1311,1224,1312,1130],"class_list":["post-707656","post","type-post","status-publish","format-standard","has-post-thumbnail","hentry","category-cultura-in-ungheria","tag-evento","tag-hungarikums","tag-pentecoste","tag-religione","tag-szeklerland","tag-tradizione","tag-visita"],"blocksy_meta":[],"author_username":"MLilla12","telegram_post":"","public_post_metadata":{"breaking_news":"","important":"","csempe":"","center_tile":"","disable_thumbnail":"","target_lang":"","_featured_image_style":"","telegram_post":"","_xlat_group_id":""},"public_rank_math_data":{"title":"Cs\u00edksomly\u00f3 Pilgrimage \u00e8 sulla strada per diventare un Hungarikum","description":"Il Pellegrinaggio Cs\u00edksomly\u00f3 \u00e8 diventato la parte della Collezione di Valori Ungheresi, e si spera che possa essere ammesso anche alla Collezione di Hungarikums.","focus_keyword":"pellegrinaggio","canonical_url":"","robots":"","primary_category":"1304","breadcrumb_title":"","facebook_title":"","facebook_description":"","facebook_image":"","facebook_image_id":"","twitter_title":"","twitter_description":"","twitter_image":"","twitter_image_id":"","twitter_card_type":"","twitter_use_facebook":"","advanced_robots":"","pillar_content":"","seo_score":"74","contentai_score":"","rich_snippet":""},"_links":{"self":[{"href":"https:\/\/dailynewshungary.com\/it\/wp-json\/wp\/v2\/posts\/707656","targetHints":{"allow":["GET"]}}],"collection":[{"href":"https:\/\/dailynewshungary.com\/it\/wp-json\/wp\/v2\/posts"}],"about":[{"href":"https:\/\/dailynewshungary.com\/it\/wp-json\/wp\/v2\/types\/post"}],"author":[{"embeddable":true,"href":"https:\/\/dailynewshungary.com\/it\/wp-json\/wp\/v2\/users\/17"}],"replies":[{"embeddable":true,"href":"https:\/\/dailynewshungary.com\/it\/wp-json\/wp\/v2\/comments?post=707656"}],"version-history":[{"count":0,"href":"https:\/\/dailynewshungary.com\/it\/wp-json\/wp\/v2\/posts\/707656\/revisions"}],"wp:featuredmedia":[{"embeddable":true,"href":"https:\/\/dailynewshungary.com\/it\/wp-json\/wp\/v2\/media\/707657"}],"wp:attachment":[{"href":"https:\/\/dailynewshungary.com\/it\/wp-json\/wp\/v2\/media?parent=707656"}],"wp:term":[{"taxonomy":"category","embeddable":true,"href":"https:\/\/dailynewshungary.com\/it\/wp-json\/wp\/v2\/categories?post=707656"},{"taxonomy":"post_tag","embeddable":true,"href":"https:\/\/dailynewshungary.com\/it\/wp-json\/wp\/v2\/tags?post=707656"}],"curies":[{"name":"wp","href":"https:\/\/api.w.org\/{rel}","templated":true}]}}