{"id":708126,"date":"2017-11-22T21:30:03","date_gmt":"2017-11-22T20:30:03","guid":{"rendered":"https:\/\/dailynewshungary.com\/it\/funzionario-governativo-intrattiene-colloqui-con-funzionari-bulgari-dellue\/"},"modified":"2017-11-22T21:30:03","modified_gmt":"2017-11-22T20:30:03","slug":"funzionario-governativo-intrattiene-colloqui-con-funzionari-bulgari-dellue","status":"publish","type":"post","link":"https:\/\/dailynewshungary.com\/it\/funzionario-governativo-intrattiene-colloqui-con-funzionari-bulgari-dellue\/","title":{"rendered":"Funzionario governativo intrattiene colloqui con funzionari bulgari dell\u2019UE"},"content":{"rendered":"<p><strong>Mercoled\u00ec il segretario di Stato ungherese per gli affari europei ha discusso le questioni riguardanti l&#8217;Unione europea con i funzionari della Bulgaria, il paese prossimo in linea per la presidenza di turno del blocco.<\/strong><\/p>\n<p>Parlando a M.T.I. dopo i suoi colloqui, Szcs Tak\u00e1cs ha detto che lui e i suoi partner (guidati da Lilyana Pavlova, ministro bulgaro incaricato della presidenza dell&#8217;UE, TI hanno discusso le priorit\u00e0 del paese per la presidenza Tak\u00e1cs ha anche informato i suoi partner sulla posizione dell&#8217;Ungheria su varie questioni.<\/p>\n<p>Il segretario di stato ha detto che Pavlova ha nominato la progressione dell&#8217;Occidente<a href=\"https:\/\/dailynewshungary.com\/it\/la-grande-rapina-al-treno-britannico-come-una-banda-di-15-uomini-rubo-26-milioni-di-sterline-nel-1963\/\" target=\"_blank\" rel=\"noopener\"> Balcanico<\/a> l&#8217;integrazione della regione nell&#8217;UE come una delle massime priorit\u00e0 della Bulgaria per la sua presidenza.<\/p>\n<blockquote>\n<p><span style=\"color: #333399;\">Tak\u00e1cs ha affermato che l\u2019allargamento dell\u2019UE attraverso l\u2019integrazione dei Balcani occidentali \u00e8 nell\u2019interesse dell\u2019Ungheria<\/span><\/p>\n<\/blockquote>\n<p><a href=\"https:\/\/dailynewshungary.com\/it\/la-grande-rapina-al-treno-britannico-come-una-banda-di-15-uomini-rubo-26-milioni-di-sterline-nel-1963\/\" target=\"_blank\" rel=\"noopener\">il Gruppo Visegr\u00e1d<\/a> nel suo insieme e anche l&#8217;Austria, che dovrebbe assumere la presidenza del blocco dalla Bulgaria per la seconda met\u00e0 del 2018.<\/p>\n<p>L\u2019altro tema principale discusso durante l\u2019incontro \u00e8 stato la migrazione. Tak\u00e1cs ha osservato che la Bulgaria \u00e8 stata direttamente colpita dalla crisi dei migranti, poich\u00e9 confina con la Turchia.<\/p>\n<p>Il segretario di stato ha detto durante l&#8217;incontro che l&#8217;Ungheria \u00e8 preoccupata per gli sviluppi in corso nell&#8217;UE per quanto riguarda la migrazione, dal momento che diversi stati membri sostengono un programma obbligatorio di ricollocazione dei migranti che l&#8217;Ungheria considera \u201cinaccettabile\u201d Ha chiesto ai suoi partner bulgari di prendere in considerazione la posizione dell&#8217;Ungheria durante la loro presidenza dell&#8217;UE.<\/p>\n<blockquote>\n<p><span style=\"color: #333399;\">Le parti hanno inoltre discusso della necessit\u00e0 della digitalizzazione nell\u2019economia europea.<\/span><\/p>\n<\/blockquote>\n<p>La Bulgaria si trova in una posizione unica perch\u00e9 quest\u2019area \u00e8 attualmente supervisionata da un commissario bulgaro della Commissione europea, ha affermato Tak\u00e1cs, aggiungendo che l\u2019Ungheria \u00e8 anche uno Stato membro ambizioso in termini di sviluppi che sta portando avanti con l\u2019obiettivo di aumentare la competitivit\u00e0.<\/p>\n<p>I funzionari hanno anche parlato del bilancio dell&#8217;UE post-2020 sul quale dovrebbero iniziare i colloqui durante la presidenza bulgara.<\/p>\n<p>Ai colloqui, Pavlova \u00e8 stata raggiunta dal viceministro degli Esteri Emilia Kraleva e Rumyana Bachvarova, capo di gabinetto del Primo Ministro.<\/p>\n","protected":false},"excerpt":{"rendered":"<p>Mercoled\u00ec il segretario di Stato ungherese per gli affari europei ha discusso le questioni riguardanti l&#8217;Unione europea con i funzionari della Bulgaria, il paese prossimo in linea per la presidenza di turno del blocco. Parlando a M.T.I. dopo i suoi colloqui, Szcs Tak\u00e1cs ha detto che lui e i suoi partner (guidati da Lilyana Pavlova, [&hellip;]<\/p>\n","protected":false},"author":88,"featured_media":708127,"comment_status":"open","ping_status":"open","sticky":false,"template":"","format":"standard","meta":{"_display_image":"","footnotes":""},"categories":[1185],"tags":[1131,1075,1363],"class_list":["post-708126","post","type-post","status-publish","format-standard","has-post-thumbnail","hentry","category-politica-in-ungheria","tag-balcani","tag-unione-europea","tag-visegrad-quattro"],"blocksy_meta":[],"author_username":"alpar.kato","telegram_post":"","public_post_metadata":{"breaking_news":"","important":"","csempe":"","center_tile":"","disable_thumbnail":"","target_lang":"","_featured_image_style":"","telegram_post":"","_xlat_group_id":""},"public_rank_math_data":{"title":"%titolo% %sep% %nomesito%","description":"Il segretario di Stato ungherese per gli affari europei ha discusso le questioni riguardanti l'Unione europea con i funzionari della Bulgaria, il prossimo in linea di presidenza.","focus_keyword":"Bulgaria","canonical_url":"","robots":"","primary_category":"1185","breadcrumb_title":"","facebook_title":"","facebook_description":"","facebook_image":"","facebook_image_id":"","twitter_title":"","twitter_description":"","twitter_image":"","twitter_image_id":"","twitter_card_type":"","twitter_use_facebook":"","advanced_robots":"","pillar_content":"","seo_score":"58","contentai_score":"","rich_snippet":""},"_links":{"self":[{"href":"https:\/\/dailynewshungary.com\/it\/wp-json\/wp\/v2\/posts\/708126","targetHints":{"allow":["GET"]}}],"collection":[{"href":"https:\/\/dailynewshungary.com\/it\/wp-json\/wp\/v2\/posts"}],"about":[{"href":"https:\/\/dailynewshungary.com\/it\/wp-json\/wp\/v2\/types\/post"}],"author":[{"embeddable":true,"href":"https:\/\/dailynewshungary.com\/it\/wp-json\/wp\/v2\/users\/88"}],"replies":[{"embeddable":true,"href":"https:\/\/dailynewshungary.com\/it\/wp-json\/wp\/v2\/comments?post=708126"}],"version-history":[{"count":0,"href":"https:\/\/dailynewshungary.com\/it\/wp-json\/wp\/v2\/posts\/708126\/revisions"}],"wp:featuredmedia":[{"embeddable":true,"href":"https:\/\/dailynewshungary.com\/it\/wp-json\/wp\/v2\/media\/708127"}],"wp:attachment":[{"href":"https:\/\/dailynewshungary.com\/it\/wp-json\/wp\/v2\/media?parent=708126"}],"wp:term":[{"taxonomy":"category","embeddable":true,"href":"https:\/\/dailynewshungary.com\/it\/wp-json\/wp\/v2\/categories?post=708126"},{"taxonomy":"post_tag","embeddable":true,"href":"https:\/\/dailynewshungary.com\/it\/wp-json\/wp\/v2\/tags?post=708126"}],"curies":[{"name":"wp","href":"https:\/\/api.w.org\/{rel}","templated":true}]}}