{"id":708186,"date":"2017-11-20T19:00:33","date_gmt":"2017-11-20T18:00:33","guid":{"rendered":"https:\/\/dailynewshungary.com\/it\/regina-di-origini-ungheresi-riformo-la-storia-della-scozia\/"},"modified":"2017-11-20T19:00:33","modified_gmt":"2017-11-20T18:00:33","slug":"regina-di-origini-ungheresi-riformo-la-storia-della-scozia","status":"publish","type":"post","link":"https:\/\/dailynewshungary.com\/it\/regina-di-origini-ungheresi-riformo-la-storia-della-scozia\/","title":{"rendered":"Regina di origini ungheresi riform\u00f2 la storia della Scozia"},"content":{"rendered":"<p><strong><a href=\"http:\/\/www.szeretlekmagyarorszag.hu\/magyar-szarmazasu-kiralyne-alakitotta-at-skocia-tortenetet\/\" target=\"_blank\" rel=\"noopener\">Szeretlekmagyarorszag.hu<\/a> rivela la storia della vita leggendaria di Santa Margherita di Scozia, discendente del re Stefano I, il fondatore della nazione ungherese.<\/strong><\/p>\n<p>Santa Margherita di Scozia nacque il 10<sup>th<\/sup> di giugno del 1047 in Ungheria e mor\u00ec il 16<sup>th<\/sup> del novembre del 1093 in Scozia La regina consorte scozzese di origine ungherese \u00e8 ancora rispettata nel suo paese d&#8217;origine, dove ebbe un grande impatto sull&#8217;intera Scozia come moglie di Malcolm III Prima di tutto, la sua opera religiosa fu notevole, familiarizz\u00f2 la Scozia con il cristianesimo basato sulla liturgia cattolica romana.<\/p>\n<blockquote>\n<p><span style=\"color: #0000ff;\">Molte persone conoscono ancora la regina, i pellegrini visitano spesso i luoghi commemorativi della regina a Dunfermline, proprio come faceva szeretlekmagyarorszag.hu.<\/span><\/p>\n<\/blockquote>\n<p>La citt\u00e0 \u00e8 a breve distanza in auto dalla capitale scozzese \u00c8 orgogliosa di avere una tale figura storica che un tempo viveva tra le sue mura Il leggendario luogo di sepoltura, l&#8217;abbazia e il terreno sono ancora curati.<\/p>\n<p>La famiglia di Margherita visse momenti difficili Suo padre, Edoardo l&#8217;Esule, fugg\u00ec in Ungheria e si spos\u00f2 <a href=\"https:\/\/dailynewshungary.com\/?s=st+stephen\" target=\"_blank\" rel=\"noopener\">Santo Stefano<\/a>Figlia (o sorella, secondo altre fonti) di &#8216;, da questo matrimonio ebbe una figlia, Margaret, che ebbe due fratelli.<\/p>\n<figure id=\"attachment_153728\" aria-describedby=\"caption-attachment-153728\" style=\"width: 625px\" class=\"wp-caption aligncenter\"><img loading=\"lazy\" decoding=\"async\" class=\"size-large wp-image-153728\" src=\"https:\/\/dailynewshungary.com\/wp-content\/uploads\/2017\/11\/Malcolm_and_Margaret_at_Queensferry-625x1024.jpg\" alt=\"Malcolm And Margaret At Queensferry X\" width=\"625\" height=\"1024\" srcset=\"https:\/\/contentf5.dailynewshungary.com\/wp-content\/uploads\/2017\/11\/Malcolm_and_Margaret_at_Queensferry-625x1024.jpg 625w, https:\/\/contentf5.dailynewshungary.com\/wp-content\/uploads\/2017\/11\/Malcolm_and_Margaret_at_Queensferry-183x300.jpg 183w, https:\/\/contentf5.dailynewshungary.com\/wp-content\/uploads\/2017\/11\/Malcolm_and_Margaret_at_Queensferry-768x1259.jpg 768w, https:\/\/contentf5.dailynewshungary.com\/wp-content\/uploads\/2017\/11\/Malcolm_and_Margaret_at_Queensferry-134x220.jpg 134w, https:\/\/contentf5.dailynewshungary.com\/wp-content\/uploads\/2017\/11\/Malcolm_and_Margaret_at_Queensferry-600x984.jpg 600w, https:\/\/contentf5.dailynewshungary.com\/wp-content\/uploads\/2017\/11\/Malcolm_and_Margaret_at_Queensferry-200x328.jpg 200w, https:\/\/contentf5.dailynewshungary.com\/wp-content\/uploads\/2017\/11\/Malcolm_and_Margaret_at_Queensferry-1080x1771.jpg 1080w, https:\/\/contentf5.dailynewshungary.com\/wp-content\/uploads\/2017\/11\/Malcolm_and_Margaret_at_Queensferry.jpg 1249w\" sizes=\"auto, (max-width: 625px) 100vw, 625px\"><figcaption id=\"caption-attachment-153728\" class=\"wp-caption-text\">Foto: Wikicommons di William Hole<\/figcaption><\/figure>\n<p>La famiglia torn\u00f2 in Inghilterra nel 1057 I bambini erano ben istruiti e parlavano diverse lingue, al loro ritorno, il giovane Edgar, fratello di Margaret doveva sconfiggere Guglielmo il Conquistatore Ma non ebbe alcuna possibilit\u00e0 e la famiglia dovette fuggire in Scozia, dove regnava Malcolm III. Margherita voleva entrare in convento ma il re (e la sua famiglia) la persuasero a sposare Malcolm.<\/p>\n<p>Margit veniva anche chiamata la Perla di Scozia (poich\u00e9 il suo nome deriva dalla parola greca <em>maragone<\/em>, che significa perla). Riform\u00f2 la corte, suo marito e anche la vita religiosa in Scozia.<\/p>\n<blockquote>\n<p><span style=\"color: #0000ff;\">Ebbe un grande impatto anche sui re inglesi, fu la \u201cmoth\u201d di tutte le regine inglesi Ebbe otto figli, sei maschi e due femmine.<\/span><\/p>\n<\/blockquote>\n<p>Trascorse i suoi ultimi giorni nel castello di Edimburgo Visse in una piccola casa che era un pezzo d&#8217;arte dell&#8217;architettura normanna, vi mor\u00ec, tre giorni dopo la morte del marito e del figlio maggiore, scomparso nella battaglia contro l&#8217;esercito inglese, il figlio minore dovette comunicarle la notizia.<\/p>\n<p>Margherita era rispettata dalla nazione come santa Fu canonizzata nel 1261 I resti di Margherita e Malcolm furono portati in Spagna durante la Riforma, in seguito tornarono in Scozia, nella loro ultima dimora, Dunfermline, nel monastero benedettino da lei fondato, insieme al marito, al figlio e ad altri re e aristocratici scozzesi.<\/p>\n<p>Secondo la leggenda, durante la cerimonia di canonizzazione, la tomba di Margaret fu aperta e i suoi resti furono messi su una bara d&#8217;argento, per portarli al santuario, ma quando la marcia pass\u00f2 accanto alla tomba di Malcolm, non furono in grado di procedere Poi un vecchio sugger\u00ec di togliere anche le ossa di Malcolm e di metterle accanto a quelle di Margaret. Lo fecero e poterono camminare. Lo consideravano un segno che<\/p>\n<blockquote>\n<p><span style=\"color: #0000ff;\"> Margherita riusc\u00ec a &#8216;domare&#8217; il re dalle mani insanguinate e rese al suo fianco anche nella morte.<\/span><\/p>\n<\/blockquote>\n<p>Nel <a href=\"https:\/\/dailynewshungary.com\/?s=scotland\" target=\"_blank\" rel=\"noopener\">Scozia<\/a>, andare in pellegrinaggio \u00e8 una tradizione vivente In onore di Santa Margherita, il primo \u00e8 stato iniziato anni fa Alcuni di loro includono Dunfermline, il centro del culto di Santa Margherita Questa localit\u00e0 era una delle principali destinazioni dei pellegrini prima anche.<\/p>\n<p>L&#8217;abbazia di Dunfermline \u00e8 uno dei luoghi cultuali pi\u00f9 importanti della Scozia Nel 12<sup>th<\/sup> secolo qui c&#8217;era una chiesa in stile romano Pi\u00f9 tardi, nel 1128, David re scozzese stabil\u00ec l&#8217;abbazia al posto di questa Nel 1300, parte dell&#8217;edificio bruci\u00f2 Fu riaperto nel 19<sup>th<\/sup> secolo, e ancora oggi visitabile.<\/p>\n<h4>Parco Pittencrieff<\/h4>\n<figure id=\"attachment_153727\" aria-describedby=\"caption-attachment-153727\" style=\"width: 1024px\" class=\"wp-caption aligncenter\"><img loading=\"lazy\" decoding=\"async\" class=\"wp-image-153727 size-large\" src=\"https:\/\/dailynewshungary.com\/wp-content\/uploads\/2017\/11\/Gardens_in_Pittencrieff_Park-1024x682.jpg\" alt=\"Gardens In Pittencrieff Park X\" width=\"1024\" height=\"682\" srcset=\"https:\/\/contentf5.dailynewshungary.com\/wp-content\/uploads\/2017\/11\/Gardens_in_Pittencrieff_Park-1024x682.jpg 1024w, https:\/\/contentf5.dailynewshungary.com\/wp-content\/uploads\/2017\/11\/Gardens_in_Pittencrieff_Park-300x200.jpg 300w, https:\/\/contentf5.dailynewshungary.com\/wp-content\/uploads\/2017\/11\/Gardens_in_Pittencrieff_Park-768x512.jpg 768w, https:\/\/contentf5.dailynewshungary.com\/wp-content\/uploads\/2017\/11\/Gardens_in_Pittencrieff_Park-220x147.jpg 220w, https:\/\/contentf5.dailynewshungary.com\/wp-content\/uploads\/2017\/11\/Gardens_in_Pittencrieff_Park-600x400.jpg 600w, https:\/\/contentf5.dailynewshungary.com\/wp-content\/uploads\/2017\/11\/Gardens_in_Pittencrieff_Park-200x133.jpg 200w, https:\/\/contentf5.dailynewshungary.com\/wp-content\/uploads\/2017\/11\/Gardens_in_Pittencrieff_Park-1080x720.jpg 1080w, https:\/\/contentf5.dailynewshungary.com\/wp-content\/uploads\/2017\/11\/Gardens_in_Pittencrieff_Park.jpg 2000w\" sizes=\"auto, (max-width: 1024px) 100vw, 1024px\"><figcaption id=\"caption-attachment-153727\" class=\"wp-caption-text\">Foto: wikicommons di Dkardokas<\/figcaption><\/figure>\n<p>Il parco accanto all&#8217;abbazia fu creato da Andrew Carnegie Acquist\u00f2 il terreno nel 1902 e lo don\u00f2 agli abitanti del paese nell&#8217;anno successivo, nel parco si pu\u00f2 trovare una casa del 17<sup>th<\/sup> secolo, che oggi funziona come un museo Il parco \u00e8 adatto per una passeggiata romantica, ci sono anche piccole cascate e bellissimi giardini fioriti. Ci sono anche campi da gioco per bambini ed \u00e8 anche il preferito dai proprietari di cani, e qui si tengono spesso eventi.<\/p>\n","protected":false},"excerpt":{"rendered":"<p>Szeretlekmagyarorszag.hu rivela la storia della vita leggendaria di Santa Margherita di Scozia, discendente del re Stefano I, il fondatore della nazione ungherese. Santa Margherita di Scozia nacque il 10th di giugno del 1047 in Ungheria e mor\u00ec il 16th del novembre del 1093 in Scozia La regina consorte scozzese di origine ungherese \u00e8 ancora rispettata [&hellip;]<\/p>\n","protected":false},"author":19,"featured_media":708187,"comment_status":"open","ping_status":"open","sticky":false,"template":"","format":"standard","meta":{"_display_image":"","footnotes":""},"categories":[1344],"tags":[1223],"class_list":["post-708186","post","type-post","status-publish","format-standard","has-post-thumbnail","hentry","category-speciale-ungheria","tag-storia"],"blocksy_meta":[],"author_username":"GyBlanka","telegram_post":"","public_post_metadata":{"breaking_news":"","important":"","csempe":"","center_tile":"","disable_thumbnail":"","target_lang":"","_featured_image_style":"","telegram_post":"","_xlat_group_id":""},"public_rank_math_data":{"title":"%titolo% %sep% %nomesito%","description":"Santa Margherita, la regina scozzese di origine ungherese \u00e8 ancora rispettata nel suo paese d'origine, ebbe un grande impatto sulla Scozia come moglie di Malcolm III","focus_keyword":"Scozia","canonical_url":"","robots":"","primary_category":"1344","breadcrumb_title":"","facebook_title":"","facebook_description":"","facebook_image":"","facebook_image_id":"","twitter_title":"","twitter_description":"","twitter_image":"","twitter_image_id":"","twitter_card_type":"","twitter_use_facebook":"","advanced_robots":"","pillar_content":"","seo_score":"","contentai_score":"","rich_snippet":""},"_links":{"self":[{"href":"https:\/\/dailynewshungary.com\/it\/wp-json\/wp\/v2\/posts\/708186","targetHints":{"allow":["GET"]}}],"collection":[{"href":"https:\/\/dailynewshungary.com\/it\/wp-json\/wp\/v2\/posts"}],"about":[{"href":"https:\/\/dailynewshungary.com\/it\/wp-json\/wp\/v2\/types\/post"}],"author":[{"embeddable":true,"href":"https:\/\/dailynewshungary.com\/it\/wp-json\/wp\/v2\/users\/19"}],"replies":[{"embeddable":true,"href":"https:\/\/dailynewshungary.com\/it\/wp-json\/wp\/v2\/comments?post=708186"}],"version-history":[{"count":0,"href":"https:\/\/dailynewshungary.com\/it\/wp-json\/wp\/v2\/posts\/708186\/revisions"}],"wp:featuredmedia":[{"embeddable":true,"href":"https:\/\/dailynewshungary.com\/it\/wp-json\/wp\/v2\/media\/708187"}],"wp:attachment":[{"href":"https:\/\/dailynewshungary.com\/it\/wp-json\/wp\/v2\/media?parent=708186"}],"wp:term":[{"taxonomy":"category","embeddable":true,"href":"https:\/\/dailynewshungary.com\/it\/wp-json\/wp\/v2\/categories?post=708186"},{"taxonomy":"post_tag","embeddable":true,"href":"https:\/\/dailynewshungary.com\/it\/wp-json\/wp\/v2\/tags?post=708186"}],"curies":[{"name":"wp","href":"https:\/\/api.w.org\/{rel}","templated":true}]}}