{"id":708611,"date":"2017-11-03T15:15:52","date_gmt":"2017-11-03T14:15:52","guid":{"rendered":"https:\/\/dailynewshungary.com\/it\/anche-politiche-del-lavoro-consapevoli-possono-migliorare-la-competitivita\/"},"modified":"2017-11-03T15:15:52","modified_gmt":"2017-11-03T14:15:52","slug":"anche-politiche-del-lavoro-consapevoli-possono-migliorare-la-competitivita","status":"publish","type":"post","link":"https:\/\/dailynewshungary.com\/it\/anche-politiche-del-lavoro-consapevoli-possono-migliorare-la-competitivita\/","title":{"rendered":"Anche politiche del lavoro consapevoli possono migliorare la competitivit\u00e0"},"content":{"rendered":"<p><strong>Una politica occupazionale responsabile \u00e8 indiscutibilmente un fattore che pu\u00f2 migliorare la competitivit\u00e0; pu\u00f2 rappresentare un vantaggio competitivo all&#8217;interno della regione e anche all&#8217;interno dell&#8217;UE, e pu\u00f2 contribuire in modo sostanziale alla costante espansione delle imprese, ha affermato il ministro dell&#8217;Economia nazionale Mih\u00e1ly Varga alla cerimonia di premiazione del titolo di datore di lavoro responsabile dell&#8217;anno a Budapest.<\/strong><\/p>\n<p>Il governo dedica molti sforzi al rafforzamento della responsabilit\u00e0 sociale delle imprese, proprio come merita la questione: nel secondo, il prossimo piano d&#8217;azione sulla RSI sar\u00e0 prestata maggiore attenzione allo sviluppo economico, alle questioni del lavoro, alle pari opportunit\u00e0 e alla tutela dell&#8217;ambiente, ha osservato.<\/p>\n<p>Le basi per una crescita economica stabile e sostenibile sono state gettate di recente, ha aggiunto.<\/p>\n<blockquote>\n<p><span style=\"color: #3366ff;\">Dal 2010 in Ungheria sono stati creati pi\u00f9 di 740mila posti di lavoro e quindi ora pi\u00f9 di 4 milioni e 450mila persone sono occupate 7 volte la cifra pi\u00f9 alta degli ultimi 2 anni.<\/span><\/p>\n<\/blockquote>\n<p>Il grosso di <a href=\"https:\/\/dailynewshungary.com\/it\/la-grande-rapina-al-treno-britannico-come-una-banda-di-15-uomini-rubo-26-milioni-di-sterline-nel-1963\/\" target=\"_blank\" rel=\"noopener\">lavoro<\/a> la crescita \u00e8 stata osservata nel settore privato. \u201cAbbiamo tutto il diritto di essere orgogliosi di questi risultati, e possiamo essere altrettanto orgogliosi del fatto che (approfondendo l&#8217;Azione per la Protezione del Lavoro). maggiore attenzione \u00e8 stata prestata ai gruppi vulnerabili di dipendenti\u201d, ha sottolineato Mih\u00e1ly Varga Nell&#8217;ambito del programma, nel periodo 2013-2017 le imprese hanno tratto profitto <a href=\"https:\/\/dailynewshungary.com\/it\/la-grande-rapina-al-treno-britannico-come-una-banda-di-15-uomini-rubo-26-milioni-di-sterline-nel-1963\/\" target=\"_blank\" rel=\"noopener\">tassa fiscale<\/a> incentivi per un totale di 572 miliardi di fiorini, che hanno contribuito all&#8217;occupazione di oltre 900mila persone all&#8217;anno nel settore privato.<\/p>\n<blockquote>\n<p><span style=\"color: #3366ff;\">Come risultato dell\u2019accordo salariale di sei anni, che ha sostanzialmente revocato i salari pi\u00f9 piccoli e ridotto le imposte sui salari, il divario salariale si \u00e8 ridotto pi\u00f9 rapidamente.<\/span><\/p>\n<\/blockquote>\n<p>Il governo si aspetta quindi che i salari in termini reali possano aumentare fino al 40% nei prossimi sei anni, ha detto il ministro.<\/p>\n","protected":false},"excerpt":{"rendered":"<p>Una politica occupazionale responsabile \u00e8 indiscutibilmente un fattore che pu\u00f2 migliorare la competitivit\u00e0; pu\u00f2 rappresentare un vantaggio competitivo all&#8217;interno della regione e anche all&#8217;interno dell&#8217;UE, e pu\u00f2 contribuire in modo sostanziale alla costante espansione delle imprese, ha affermato il ministro dell&#8217;Economia nazionale Mih\u00e1ly Varga alla cerimonia di premiazione del titolo di datore di lavoro responsabile [&hellip;]<\/p>\n","protected":false},"author":13,"featured_media":708612,"comment_status":"open","ping_status":"open","sticky":false,"template":"","format":"standard","meta":{"_display_image":"","footnotes":""},"categories":[1185],"tags":[1132,1617,1248,1075],"class_list":["post-708611","post","type-post","status-publish","format-standard","has-post-thumbnail","hentry","category-politica-in-ungheria","tag-economia","tag-fiscalita","tag-mercato-del-lavoro","tag-unione-europea"],"blocksy_meta":[],"author_username":"kovacszsoka","telegram_post":"","public_post_metadata":{"breaking_news":"","important":"","csempe":"","center_tile":"","disable_thumbnail":"","target_lang":"","_featured_image_style":"","telegram_post":"","_xlat_group_id":""},"public_rank_math_data":{"title":"%titolo% %sep% %nomesito%","description":"Una politica occupazionale responsabile \u00e8 indiscutibilmente un fattore in grado di migliorare la competitivit\u00e0; pu\u00f2 rappresentare un vantaggio competitivo all\u2019interno della regione e dell\u2019UE","focus_keyword":"competitivit\u00e0","canonical_url":"","robots":"","primary_category":"1185","breadcrumb_title":"","facebook_title":"","facebook_description":"","facebook_image":"","facebook_image_id":"","twitter_title":"","twitter_description":"","twitter_image":"","twitter_image_id":"","twitter_card_type":"","twitter_use_facebook":"","advanced_robots":"","pillar_content":"","seo_score":"57","contentai_score":"","rich_snippet":""},"_links":{"self":[{"href":"https:\/\/dailynewshungary.com\/it\/wp-json\/wp\/v2\/posts\/708611","targetHints":{"allow":["GET"]}}],"collection":[{"href":"https:\/\/dailynewshungary.com\/it\/wp-json\/wp\/v2\/posts"}],"about":[{"href":"https:\/\/dailynewshungary.com\/it\/wp-json\/wp\/v2\/types\/post"}],"author":[{"embeddable":true,"href":"https:\/\/dailynewshungary.com\/it\/wp-json\/wp\/v2\/users\/13"}],"replies":[{"embeddable":true,"href":"https:\/\/dailynewshungary.com\/it\/wp-json\/wp\/v2\/comments?post=708611"}],"version-history":[{"count":0,"href":"https:\/\/dailynewshungary.com\/it\/wp-json\/wp\/v2\/posts\/708611\/revisions"}],"wp:featuredmedia":[{"embeddable":true,"href":"https:\/\/dailynewshungary.com\/it\/wp-json\/wp\/v2\/media\/708612"}],"wp:attachment":[{"href":"https:\/\/dailynewshungary.com\/it\/wp-json\/wp\/v2\/media?parent=708611"}],"wp:term":[{"taxonomy":"category","embeddable":true,"href":"https:\/\/dailynewshungary.com\/it\/wp-json\/wp\/v2\/categories?post=708611"},{"taxonomy":"post_tag","embeddable":true,"href":"https:\/\/dailynewshungary.com\/it\/wp-json\/wp\/v2\/tags?post=708611"}],"curies":[{"name":"wp","href":"https:\/\/api.w.org\/{rel}","templated":true}]}}