{"id":708640,"date":"2017-11-02T14:30:43","date_gmt":"2017-11-02T13:30:43","guid":{"rendered":"https:\/\/dailynewshungary.com\/it\/governo-per-regolamentare-la-mobilita-elettrica\/"},"modified":"2017-11-02T14:30:43","modified_gmt":"2017-11-02T13:30:43","slug":"governo-per-regolamentare-la-mobilita-elettrica","status":"publish","type":"post","link":"https:\/\/dailynewshungary.com\/it\/governo-per-regolamentare-la-mobilita-elettrica\/","title":{"rendered":"Governo per regolamentare la mobilit\u00e0 elettrica"},"content":{"rendered":"<p><strong>Qualcosa di speciale accade all&#8217;elettricit\u00e0 quando scorre attraverso il caricabatterie elettrico, poich\u00e9 legalmente diventa una sorta di prodotto combustibile Secondo <\/strong><a href=\"https:\/\/www.vg.hu\/vallalatok\/kulon-termekke-valik-az-autoaram-2-658853\/\" target=\"_blank\" rel=\"noopener\"><strong>Vil\u00e1ggazdas\u00e1g<\/strong><\/a><strong>, <\/strong><a href=\"https:\/\/dailynewshungary.com\/?s=Ministry+for+national+economy\"><strong>Ministero per l&#8217;Economia Nazionale<\/strong><\/a><strong> (MNE) mira a creare una complessa regolamentazione giuridica riguardante <\/strong><strong><a href=\"https:\/\/dailynewshungary.com\/?s=electro+mobility\">electro<\/a> mobilit\u00e0<\/strong><strong>.<\/strong><\/p>\n<h4>La ricarica per diventare trasparente e comparabile<\/h4>\n<p>Come Daily News gi\u00e0 l&#8217;Ungheria <a href=\"https:\/\/dailynewshungary.com\/it\/il-governo-promette-allungheria-di-diventare-leader-regionale-nel-campo-dellelettromobilita\/\">segnalato<\/a>, il governo vorrebbe che l&#8217;Ungheria diventasse il leader dell&#8217;Europa centrale nella mobilit\u00e0 elettrica Pertanto,<\/p>\n<blockquote>\n<p><span style=\"color: #3366ff;\">La MNE sta elaborando una complessa regolamentazione giuridica riguardante la questione entro la fine di quest&#8217;anno. <\/span><\/p>\n<\/blockquote>\n<p>Seguiranno una consultazione nazionale e decreti esecutivi segnalati da Vil\u00e1ggazdas\u00e1g.<\/p>\n<p>In realt\u00e0, ci sono gi\u00e0 norme che mirano a regolamentare la questione, ad esempio la legge sull&#8217;elettricit\u00e0 o il piano Jedlik \u00c1nyos. Tuttavia, non sono abbastanza complessi per avviare il servizio.<\/p>\n<p>Inoltre, l&#8217;Ungheria attua le direttive dell&#8217;Unione europea creando e agendo-regolando la questione Questo definir\u00e0 nozioni importanti e, allo stesso tempo, giurisdizione e obblighi dei governi statali e locali L&#8217;UE si aspetta che l&#8217;Ungheria crei un atto con cui pagare sia la tariffazione basata sul tempo che sulla quantit\u00e0 diventa trasparente e comparabile.<\/p>\n<h4>Trucchi legali ovunque<\/h4>\n<p>Tuttavia, UE non menziona come il governo dovrebbe trasformare l&#8217;elettricit\u00e0 delle e-car in un servizio che le persone devono pagare per Attualmente, ad esempio, i venditori ungheresi usano un trucco in quei luoghi in cui i consumatori devono gi\u00e0 pagare per la ricarica Incorporano il prezzo dell&#8217;elettricit\u00e0 nel prezzo del parcheggio Inoltre, un altro trucco \u00e8 se uno ricarica la propria auto tramite rete domestica e paga il prezzo del servizio universale per questo Naturalmente, all&#8217;alba della e-mobility tali soluzioni sono inevitabili.<\/p>\n<p>Tuttavia, il governo deve chiudere queste porte posteriori in futuro, perch\u00e9 se l&#8217;elettricit\u00e0 passa attraverso un e-charger legalmente diventa una sorta di prodotto combustibile Cos\u00ec, ha bisogno di un misuratore separato e contabilit\u00e0 Fornitori, naturalmente, pu\u00f2 rimanere lo stesso come prima, ma la liquidazione deve essere diverso Altrimenti, sarebbe discutibile acquistare un prodotto per un prezzo calcolato originariamente per le famiglie e per questo motivo protetto dalle oscillazioni del mercato In aggiunta, la ricarica auto aziendali a casa non sembra essere una soluzione praticabile pure.<\/p>\n<p>Pertanto, nei prossimi anni dovranno essere apportate ulteriori armonizzazioni e modifiche.<\/p>\n<blockquote>\n<p><span style=\"color: #0000ff;\">L&#8217;obiettivo del governo \u00e8 chiudere le restanti porte secondarie e creare una regolamentazione complessa e praticabile per la mobilit\u00e0 elettrica.<\/span><\/p>\n<\/blockquote>\n<p>Tuttavia, molto dipende da come esattamente e, ovviamente, con quali mezzi lo Stato vorrebbe risolvere questo problema. Tuttavia, secondo Vil\u00e1ggazdas\u00e1g, MNE ha gi\u00e0 deciso che la vendita di elettricit\u00e0 come carburante diventer\u00e0 un servizio separato in Ungheria.<\/p>\n","protected":false},"excerpt":{"rendered":"<p>Qualcosa di speciale accade all&#8217;elettricit\u00e0 quando scorre attraverso il caricabatterie elettrico, poich\u00e9 legalmente diventa una sorta di prodotto combustibile Secondo Vil\u00e1ggazdas\u00e1g, Ministero per l&#8217;Economia Nazionale (MNE) mira a creare una complessa regolamentazione giuridica riguardante electro mobilit\u00e0. La ricarica per diventare trasparente e comparabile Come Daily News gi\u00e0 l&#8217;Ungheria segnalato, il governo vorrebbe che l&#8217;Ungheria diventasse [&hellip;]<\/p>\n","protected":false},"author":18,"featured_media":708641,"comment_status":"open","ping_status":"open","sticky":false,"template":"","format":"standard","meta":{"_display_image":"","footnotes":""},"categories":[1314],"tags":[1132],"class_list":["post-708640","post","type-post","status-publish","format-standard","has-post-thumbnail","hentry","category-economia-in-ungheria","tag-economia"],"blocksy_meta":[],"author_username":"johnwoods","telegram_post":"","public_post_metadata":{"breaking_news":"","important":"","csempe":"","center_tile":"","disable_thumbnail":"","target_lang":"","_featured_image_style":"","telegram_post":"","_xlat_group_id":""},"public_rank_math_data":{"title":"%titolo% %sep% %nomesito%","description":"La nuova bozza del governo mira a creare una regolamentazione complessa per la mobilit\u00e0 elettrica, quindi l'elettricit\u00e0 diventer\u00e0 un tipo di carburante in Ungheria.","focus_keyword":"mobilit\u00e0 elettro","canonical_url":"","robots":"","primary_category":"1314","breadcrumb_title":"","facebook_title":"","facebook_description":"","facebook_image":"","facebook_image_id":"","twitter_title":"","twitter_description":"","twitter_image":"","twitter_image_id":"","twitter_card_type":"","twitter_use_facebook":"","advanced_robots":"","pillar_content":"","seo_score":"65","contentai_score":"","rich_snippet":""},"_links":{"self":[{"href":"https:\/\/dailynewshungary.com\/it\/wp-json\/wp\/v2\/posts\/708640","targetHints":{"allow":["GET"]}}],"collection":[{"href":"https:\/\/dailynewshungary.com\/it\/wp-json\/wp\/v2\/posts"}],"about":[{"href":"https:\/\/dailynewshungary.com\/it\/wp-json\/wp\/v2\/types\/post"}],"author":[{"embeddable":true,"href":"https:\/\/dailynewshungary.com\/it\/wp-json\/wp\/v2\/users\/18"}],"replies":[{"embeddable":true,"href":"https:\/\/dailynewshungary.com\/it\/wp-json\/wp\/v2\/comments?post=708640"}],"version-history":[{"count":0,"href":"https:\/\/dailynewshungary.com\/it\/wp-json\/wp\/v2\/posts\/708640\/revisions"}],"wp:featuredmedia":[{"embeddable":true,"href":"https:\/\/dailynewshungary.com\/it\/wp-json\/wp\/v2\/media\/708641"}],"wp:attachment":[{"href":"https:\/\/dailynewshungary.com\/it\/wp-json\/wp\/v2\/media?parent=708640"}],"wp:term":[{"taxonomy":"category","embeddable":true,"href":"https:\/\/dailynewshungary.com\/it\/wp-json\/wp\/v2\/categories?post=708640"},{"taxonomy":"post_tag","embeddable":true,"href":"https:\/\/dailynewshungary.com\/it\/wp-json\/wp\/v2\/tags?post=708640"}],"curies":[{"name":"wp","href":"https:\/\/api.w.org\/{rel}","templated":true}]}}