{"id":708664,"date":"2017-11-01T17:00:58","date_gmt":"2017-11-01T16:00:58","guid":{"rendered":"https:\/\/dailynewshungary.com\/it\/autunno-in-ungheria-galleria-fotografica\/"},"modified":"2017-11-01T17:00:58","modified_gmt":"2017-11-01T16:00:58","slug":"autunno-in-ungheria-galleria-fotografica","status":"publish","type":"post","link":"https:\/\/dailynewshungary.com\/it\/autunno-in-ungheria-galleria-fotografica\/","title":{"rendered":"Autunno in Ungheria Galleria fotografica"},"content":{"rendered":"<p><strong>Dopo il successo di diverse serie fotografiche che presentano Budapest nei suoi colori autunnali, abbiamo pensato di sfogliare la galleria di MTI e condividere alcune delle migliori foto che catturano la bellezza della stagione nelle diverse regioni del Paese.<\/strong><\/p>\n<p>Molte persone sostengono che l&#8217;autunno sia la loro stagione preferita a causa del cambiamento della natura, dell&#8217;opportunit\u00e0 di ricominciare le cose della vita e dell&#8217;intimit\u00e0 del clima accogliente. \u00c8 anche un periodo amato per le escursioni, e guardando queste foto capiamo perfettamente il perch\u00e9.<\/p>\n<p>Per iniziare la galleria, catene montuose e colline offrono uno spettacolo bellissimo in autunno. Sembrano colorate foreste di \u201cbroccoli\u201d  the<\/p>\n<figure id=\"attachment_150245\" aria-describedby=\"caption-attachment-150245\" style=\"width: 1024px\" class=\"wp-caption aligncenter\"><img loading=\"lazy\" decoding=\"async\" class=\"wp-image-150245 size-large\" src=\"https:\/\/dailynewshungary.com\/wp-content\/uploads\/2017\/11\/\u0151sz-budai-gekyek-mti-1024x700.jpg\" alt=\"\u0151sz Budai Gekyek Mti X\" width=\"1024\" height=\"700\" srcset=\"https:\/\/contentf5.dailynewshungary.com\/wp-content\/uploads\/2017\/11\/\u0151sz-budai-gekyek-mti-1024x700.jpg 1024w, https:\/\/contentf5.dailynewshungary.com\/wp-content\/uploads\/2017\/11\/\u0151sz-budai-gekyek-mti-300x205.jpg 300w, https:\/\/contentf5.dailynewshungary.com\/wp-content\/uploads\/2017\/11\/\u0151sz-budai-gekyek-mti-768x525.jpg 768w, https:\/\/contentf5.dailynewshungary.com\/wp-content\/uploads\/2017\/11\/\u0151sz-budai-gekyek-mti-220x150.jpg 220w, https:\/\/contentf5.dailynewshungary.com\/wp-content\/uploads\/2017\/11\/\u0151sz-budai-gekyek-mti-600x410.jpg 600w, https:\/\/contentf5.dailynewshungary.com\/wp-content\/uploads\/2017\/11\/\u0151sz-budai-gekyek-mti-200x137.jpg 200w, https:\/\/contentf5.dailynewshungary.com\/wp-content\/uploads\/2017\/11\/\u0151sz-budai-gekyek-mti-1080x738.jpg 1080w, https:\/\/contentf5.dailynewshungary.com\/wp-content\/uploads\/2017\/11\/\u0151sz-budai-gekyek-mti.jpg 2048w\" sizes=\"auto, (max-width: 1024px) 100vw, 1024px\"><figcaption id=\"caption-attachment-150245\" class=\"wp-caption-text\">Colline di Buda in autunno Foto: MTI\/Bal\u00e1zs Mohai<\/figcaption><\/figure>\n<p>I Monti Visegr\u00e1d, l&#8217;Ansa del Danubio e il Dobog\u00f3k The sono amati <a href=\"https:\/\/dailynewshungary.com\/it\/le-piu-belle-mete-escursionistiche-in-ungheria\/\" target=\"_blank\" rel=\"noopener noreferrer\">mete escursionistiche<\/a> in autunno Quest&#8217;ultima \u00e8 meta climatoterapica, centro escursionistico e sciistico, e luogo di pellegrinaggio perfetto per la meditazione e il ringiovanimento, senza contare che le torri di avvistamento della regione offrono una bellissima vista sulle meraviglie naturali.<\/p>\n<figure id=\"attachment_150248\" aria-describedby=\"caption-attachment-150248\" style=\"width: 1024px\" class=\"wp-caption aligncenter\"><img loading=\"lazy\" decoding=\"async\" class=\"wp-image-150248 size-large\" src=\"https:\/\/dailynewshungary.com\/wp-content\/uploads\/2017\/11\/\u0151sz-visegr\u00e1d-mti-1024x695.jpg\" alt=\"\u0151sz Visegr\u00e1d Mti X\" width=\"1024\" height=\"695\" srcset=\"https:\/\/contentf5.dailynewshungary.com\/wp-content\/uploads\/2017\/11\/\u0151sz-visegr\u00e1d-mti-1024x695.jpg 1024w, https:\/\/contentf5.dailynewshungary.com\/wp-content\/uploads\/2017\/11\/\u0151sz-visegr\u00e1d-mti-300x203.jpg 300w, https:\/\/contentf5.dailynewshungary.com\/wp-content\/uploads\/2017\/11\/\u0151sz-visegr\u00e1d-mti-768x521.jpg 768w, https:\/\/contentf5.dailynewshungary.com\/wp-content\/uploads\/2017\/11\/\u0151sz-visegr\u00e1d-mti-220x149.jpg 220w, https:\/\/contentf5.dailynewshungary.com\/wp-content\/uploads\/2017\/11\/\u0151sz-visegr\u00e1d-mti-600x407.jpg 600w, https:\/\/contentf5.dailynewshungary.com\/wp-content\/uploads\/2017\/11\/\u0151sz-visegr\u00e1d-mti-200x136.jpg 200w, https:\/\/contentf5.dailynewshungary.com\/wp-content\/uploads\/2017\/11\/\u0151sz-visegr\u00e1d-mti-1080x733.jpg 1080w, https:\/\/contentf5.dailynewshungary.com\/wp-content\/uploads\/2017\/11\/\u0151sz-visegr\u00e1d-mti.jpg 2048w\" sizes=\"auto, (max-width: 1024px) 100vw, 1024px\"><figcaption id=\"caption-attachment-150248\" class=\"wp-caption-text\">Foresta autunnale nelle vicinanze di Dobog\u00f3k the Photo (Foto): MTI\/Bal\u00e1zs Mohai<\/figcaption><\/figure>\n<figure id=\"attachment_150249\" aria-describedby=\"caption-attachment-150249\" style=\"width: 1024px\" class=\"wp-caption aligncenter\"><img loading=\"lazy\" decoding=\"async\" class=\"wp-image-150249 size-large\" src=\"https:\/\/dailynewshungary.com\/wp-content\/uploads\/2017\/11\/\u0151sz-visegr\u00e1d2-mti-1024x667.jpg\" alt=\"\u0151sz Visegr\u00e1d Mti X\" width=\"1024\" height=\"667\" srcset=\"https:\/\/contentf5.dailynewshungary.com\/wp-content\/uploads\/2017\/11\/\u0151sz-visegr\u00e1d2-mti-1024x667.jpg 1024w, https:\/\/contentf5.dailynewshungary.com\/wp-content\/uploads\/2017\/11\/\u0151sz-visegr\u00e1d2-mti-300x196.jpg 300w, https:\/\/contentf5.dailynewshungary.com\/wp-content\/uploads\/2017\/11\/\u0151sz-visegr\u00e1d2-mti-768x500.jpg 768w, https:\/\/contentf5.dailynewshungary.com\/wp-content\/uploads\/2017\/11\/\u0151sz-visegr\u00e1d2-mti-220x143.jpg 220w, https:\/\/contentf5.dailynewshungary.com\/wp-content\/uploads\/2017\/11\/\u0151sz-visegr\u00e1d2-mti-600x391.jpg 600w, https:\/\/contentf5.dailynewshungary.com\/wp-content\/uploads\/2017\/11\/\u0151sz-visegr\u00e1d2-mti-200x130.jpg 200w, https:\/\/contentf5.dailynewshungary.com\/wp-content\/uploads\/2017\/11\/\u0151sz-visegr\u00e1d2-mti-1080x704.jpg 1080w, https:\/\/contentf5.dailynewshungary.com\/wp-content\/uploads\/2017\/11\/\u0151sz-visegr\u00e1d2-mti.jpg 2048w\" sizes=\"auto, (max-width: 1024px) 100vw, 1024px\"><figcaption id=\"caption-attachment-150249\" class=\"wp-caption-text\">Foresta autunnale nelle vicinanze di Dobog\u00f3k the Photo (Foto): MTI\/Bal\u00e1zs Mohai<\/figcaption><\/figure>\n<p>Il lago Balaton mostra un volto diverso in autunno, \u00e8 bello in un modo diverso Puoi esplorare il lago e la fauna e le foreste circostanti saltando su una barca da crociera, in bicicletta, facendo una passeggiata o camminando nordicamente Tutte queste opzioni ti permettono di trovare luoghi e regioni nascosti che non potresti individuare mentre guidi in macchina.<\/p>\n<figure id=\"attachment_150241\" aria-describedby=\"caption-attachment-150241\" style=\"width: 1024px\" class=\"wp-caption aligncenter\"><img loading=\"lazy\" decoding=\"async\" class=\"wp-image-150241 size-large\" src=\"https:\/\/dailynewshungary.com\/wp-content\/uploads\/2017\/11\/\u0151sz-balatonf\u00fcred-mti-1024x647.jpg\" alt=\"\u0151sz Balatonf\u00fcred Mti X\" width=\"1024\" height=\"647\" srcset=\"https:\/\/contentf5.dailynewshungary.com\/wp-content\/uploads\/2017\/11\/\u0151sz-balatonf\u00fcred-mti-1024x647.jpg 1024w, https:\/\/contentf5.dailynewshungary.com\/wp-content\/uploads\/2017\/11\/\u0151sz-balatonf\u00fcred-mti-300x190.jpg 300w, https:\/\/contentf5.dailynewshungary.com\/wp-content\/uploads\/2017\/11\/\u0151sz-balatonf\u00fcred-mti-768x485.jpg 768w, https:\/\/contentf5.dailynewshungary.com\/wp-content\/uploads\/2017\/11\/\u0151sz-balatonf\u00fcred-mti-220x139.jpg 220w, https:\/\/contentf5.dailynewshungary.com\/wp-content\/uploads\/2017\/11\/\u0151sz-balatonf\u00fcred-mti-600x379.jpg 600w, https:\/\/contentf5.dailynewshungary.com\/wp-content\/uploads\/2017\/11\/\u0151sz-balatonf\u00fcred-mti-200x126.jpg 200w, https:\/\/contentf5.dailynewshungary.com\/wp-content\/uploads\/2017\/11\/\u0151sz-balatonf\u00fcred-mti-1080x682.jpg 1080w, https:\/\/contentf5.dailynewshungary.com\/wp-content\/uploads\/2017\/11\/\u0151sz-balatonf\u00fcred-mti.jpg 2048w\" sizes=\"auto, (max-width: 1024px) 100vw, 1024px\"><figcaption id=\"caption-attachment-150241\" class=\"wp-caption-text\">Balatonf\u00fcred in autunno Foto: MTI\/Tibor Illy\u00e9s<\/figcaption><\/figure>\n<figure id=\"attachment_150243\" aria-describedby=\"caption-attachment-150243\" style=\"width: 1024px\" class=\"wp-caption aligncenter\"><img loading=\"lazy\" decoding=\"async\" class=\"wp-image-150243 size-large\" src=\"https:\/\/dailynewshungary.com\/wp-content\/uploads\/2017\/11\/\u0151sz-balatonf\u00fcred2-mti-1024x694.jpg\" alt=\"\u0151sz Balatonf\u00fcred Mti X\" width=\"1024\" height=\"694\" srcset=\"https:\/\/contentf5.dailynewshungary.com\/wp-content\/uploads\/2017\/11\/\u0151sz-balatonf\u00fcred2-mti-1024x694.jpg 1024w, https:\/\/contentf5.dailynewshungary.com\/wp-content\/uploads\/2017\/11\/\u0151sz-balatonf\u00fcred2-mti-300x203.jpg 300w, https:\/\/contentf5.dailynewshungary.com\/wp-content\/uploads\/2017\/11\/\u0151sz-balatonf\u00fcred2-mti-768x520.jpg 768w, https:\/\/contentf5.dailynewshungary.com\/wp-content\/uploads\/2017\/11\/\u0151sz-balatonf\u00fcred2-mti-220x149.jpg 220w, https:\/\/contentf5.dailynewshungary.com\/wp-content\/uploads\/2017\/11\/\u0151sz-balatonf\u00fcred2-mti-600x406.jpg 600w, https:\/\/contentf5.dailynewshungary.com\/wp-content\/uploads\/2017\/11\/\u0151sz-balatonf\u00fcred2-mti-200x135.jpg 200w, https:\/\/contentf5.dailynewshungary.com\/wp-content\/uploads\/2017\/11\/\u0151sz-balatonf\u00fcred2-mti-1080x731.jpg 1080w, https:\/\/contentf5.dailynewshungary.com\/wp-content\/uploads\/2017\/11\/\u0151sz-balatonf\u00fcred2-mti.jpg 2048w\" sizes=\"auto, (max-width: 1024px) 100vw, 1024px\"><figcaption id=\"caption-attachment-150243\" class=\"wp-caption-text\">Balatonf\u00fcred in autunno Foto: MTI\/Tibor Illy\u00e9s<\/figcaption><\/figure>\n<figure id=\"attachment_150244\" aria-describedby=\"caption-attachment-150244\" style=\"width: 1024px\" class=\"wp-caption aligncenter\"><img loading=\"lazy\" decoding=\"async\" class=\"wp-image-150244 size-large\" src=\"https:\/\/dailynewshungary.com\/wp-content\/uploads\/2017\/11\/\u0151sz-balatonf\u00fcred3-mti-1024x621.jpg\" alt=\"\u0151sz Balatonf\u00fcred Mti X\" width=\"1024\" height=\"621\" srcset=\"https:\/\/contentf5.dailynewshungary.com\/wp-content\/uploads\/2017\/11\/\u0151sz-balatonf\u00fcred3-mti-1024x621.jpg 1024w, https:\/\/contentf5.dailynewshungary.com\/wp-content\/uploads\/2017\/11\/\u0151sz-balatonf\u00fcred3-mti-300x182.jpg 300w, https:\/\/contentf5.dailynewshungary.com\/wp-content\/uploads\/2017\/11\/\u0151sz-balatonf\u00fcred3-mti-768x466.jpg 768w, https:\/\/contentf5.dailynewshungary.com\/wp-content\/uploads\/2017\/11\/\u0151sz-balatonf\u00fcred3-mti-220x133.jpg 220w, https:\/\/contentf5.dailynewshungary.com\/wp-content\/uploads\/2017\/11\/\u0151sz-balatonf\u00fcred3-mti-600x364.jpg 600w, https:\/\/contentf5.dailynewshungary.com\/wp-content\/uploads\/2017\/11\/\u0151sz-balatonf\u00fcred3-mti-200x121.jpg 200w, https:\/\/contentf5.dailynewshungary.com\/wp-content\/uploads\/2017\/11\/\u0151sz-balatonf\u00fcred3-mti-1080x655.jpg 1080w, https:\/\/contentf5.dailynewshungary.com\/wp-content\/uploads\/2017\/11\/\u0151sz-balatonf\u00fcred3-mti.jpg 2048w\" sizes=\"auto, (max-width: 1024px) 100vw, 1024px\"><figcaption id=\"caption-attachment-150244\" class=\"wp-caption-text\">Balatonf\u00fcred in autunno Foto: MTI\/Tibor Illy\u00e9s<\/figcaption><\/figure>\n<p>Sono state scattate foto autunnali anche nella parte orientale del paese: a S\u00f3st\u00f3 e Debrecen Le foglie degli alberi sembrano come se fossero state progettate per un cartone animato o un&#8217;animazione.<\/p>\n<figure id=\"attachment_150246\" aria-describedby=\"caption-attachment-150246\" style=\"width: 1024px\" class=\"wp-caption aligncenter\"><img loading=\"lazy\" decoding=\"async\" class=\"wp-image-150246 size-large\" src=\"https:\/\/dailynewshungary.com\/wp-content\/uploads\/2017\/11\/\u0151sz-s\u00f3st\u00f3-mti-1024x678.jpg\" alt=\"\u0151sz S\u00f3st\u00f3 Mti X\" width=\"1024\" height=\"678\" srcset=\"https:\/\/contentf5.dailynewshungary.com\/wp-content\/uploads\/2017\/11\/\u0151sz-s\u00f3st\u00f3-mti-1024x678.jpg 1024w, https:\/\/contentf5.dailynewshungary.com\/wp-content\/uploads\/2017\/11\/\u0151sz-s\u00f3st\u00f3-mti-300x199.jpg 300w, https:\/\/contentf5.dailynewshungary.com\/wp-content\/uploads\/2017\/11\/\u0151sz-s\u00f3st\u00f3-mti-768x509.jpg 768w, https:\/\/contentf5.dailynewshungary.com\/wp-content\/uploads\/2017\/11\/\u0151sz-s\u00f3st\u00f3-mti-220x146.jpg 220w, https:\/\/contentf5.dailynewshungary.com\/wp-content\/uploads\/2017\/11\/\u0151sz-s\u00f3st\u00f3-mti-600x398.jpg 600w, https:\/\/contentf5.dailynewshungary.com\/wp-content\/uploads\/2017\/11\/\u0151sz-s\u00f3st\u00f3-mti-200x133.jpg 200w, https:\/\/contentf5.dailynewshungary.com\/wp-content\/uploads\/2017\/11\/\u0151sz-s\u00f3st\u00f3-mti-1080x716.jpg 1080w, https:\/\/contentf5.dailynewshungary.com\/wp-content\/uploads\/2017\/11\/\u0151sz-s\u00f3st\u00f3-mti.jpg 2048w\" sizes=\"auto, (max-width: 1024px) 100vw, 1024px\"><figcaption id=\"caption-attachment-150246\" class=\"wp-caption-text\">S\u00f3st\u00f3 in autunno Foto: MTI\/Attila Bal\u00e1zs<\/figcaption><\/figure>\n<figure id=\"attachment_150247\" aria-describedby=\"caption-attachment-150247\" style=\"width: 1024px\" class=\"wp-caption aligncenter\"><img loading=\"lazy\" decoding=\"async\" class=\"wp-image-150247 size-large\" src=\"https:\/\/dailynewshungary.com\/wp-content\/uploads\/2017\/11\/\u0151sz-s\u00f3st\u00f32-mti-1024x678.jpg\" alt=\"\u0151sz S\u00f3st\u00f3 Mti X\" width=\"1024\" height=\"678\" srcset=\"https:\/\/contentf5.dailynewshungary.com\/wp-content\/uploads\/2017\/11\/\u0151sz-s\u00f3st\u00f32-mti-1024x678.jpg 1024w, https:\/\/contentf5.dailynewshungary.com\/wp-content\/uploads\/2017\/11\/\u0151sz-s\u00f3st\u00f32-mti-300x199.jpg 300w, https:\/\/contentf5.dailynewshungary.com\/wp-content\/uploads\/2017\/11\/\u0151sz-s\u00f3st\u00f32-mti-768x509.jpg 768w, https:\/\/contentf5.dailynewshungary.com\/wp-content\/uploads\/2017\/11\/\u0151sz-s\u00f3st\u00f32-mti-220x146.jpg 220w, https:\/\/contentf5.dailynewshungary.com\/wp-content\/uploads\/2017\/11\/\u0151sz-s\u00f3st\u00f32-mti-600x398.jpg 600w, https:\/\/contentf5.dailynewshungary.com\/wp-content\/uploads\/2017\/11\/\u0151sz-s\u00f3st\u00f32-mti-200x133.jpg 200w, https:\/\/contentf5.dailynewshungary.com\/wp-content\/uploads\/2017\/11\/\u0151sz-s\u00f3st\u00f32-mti-1080x716.jpg 1080w, https:\/\/contentf5.dailynewshungary.com\/wp-content\/uploads\/2017\/11\/\u0151sz-s\u00f3st\u00f32-mti.jpg 2048w\" sizes=\"auto, (max-width: 1024px) 100vw, 1024px\"><figcaption id=\"caption-attachment-150247\" class=\"wp-caption-text\">S\u00f3st\u00f3 in autunno Foto: MTI\/Attila Bal\u00e1zs<\/figcaption><\/figure>\n<figure id=\"attachment_150251\" aria-describedby=\"caption-attachment-150251\" style=\"width: 1024px\" class=\"wp-caption aligncenter\"><img loading=\"lazy\" decoding=\"async\" class=\"wp-image-150251 size-large\" src=\"https:\/\/dailynewshungary.com\/wp-content\/uploads\/2017\/11\/debrecen-autumn2-1024x683.jpg\" alt=\"Debrecen Autumn X\" width=\"1024\" height=\"683\" srcset=\"https:\/\/contentf5.dailynewshungary.com\/wp-content\/uploads\/2017\/11\/debrecen-autumn2-1024x683.jpg 1024w, https:\/\/contentf5.dailynewshungary.com\/wp-content\/uploads\/2017\/11\/debrecen-autumn2-300x200.jpg 300w, https:\/\/contentf5.dailynewshungary.com\/wp-content\/uploads\/2017\/11\/debrecen-autumn2-768x512.jpg 768w, https:\/\/contentf5.dailynewshungary.com\/wp-content\/uploads\/2017\/11\/debrecen-autumn2-220x147.jpg 220w, https:\/\/contentf5.dailynewshungary.com\/wp-content\/uploads\/2017\/11\/debrecen-autumn2-600x400.jpg 600w, https:\/\/contentf5.dailynewshungary.com\/wp-content\/uploads\/2017\/11\/debrecen-autumn2-200x133.jpg 200w, https:\/\/contentf5.dailynewshungary.com\/wp-content\/uploads\/2017\/11\/debrecen-autumn2-1080x720.jpg 1080w, https:\/\/contentf5.dailynewshungary.com\/wp-content\/uploads\/2017\/11\/debrecen-autumn2.jpg 2048w\" sizes=\"auto, (max-width: 1024px) 100vw, 1024px\"><figcaption id=\"caption-attachment-150251\" class=\"wp-caption-text\">Autunno a Erd\u0151spuszta, Debrecen Foto: MTI\/Zsolt Czegl\u00e9di<\/figcaption><\/figure>\n<figure id=\"attachment_150253\" aria-describedby=\"caption-attachment-150253\" style=\"width: 1024px\" class=\"wp-caption aligncenter\"><img loading=\"lazy\" decoding=\"async\" class=\"wp-image-150253 size-large\" src=\"https:\/\/dailynewshungary.com\/wp-content\/uploads\/2017\/11\/debrecen-autumn3-1024x683.jpg\" alt=\"Debrecen Autumn X\" width=\"1024\" height=\"683\" srcset=\"https:\/\/contentf5.dailynewshungary.com\/wp-content\/uploads\/2017\/11\/debrecen-autumn3-1024x683.jpg 1024w, https:\/\/contentf5.dailynewshungary.com\/wp-content\/uploads\/2017\/11\/debrecen-autumn3-300x200.jpg 300w, https:\/\/contentf5.dailynewshungary.com\/wp-content\/uploads\/2017\/11\/debrecen-autumn3-768x512.jpg 768w, https:\/\/contentf5.dailynewshungary.com\/wp-content\/uploads\/2017\/11\/debrecen-autumn3-220x147.jpg 220w, https:\/\/contentf5.dailynewshungary.com\/wp-content\/uploads\/2017\/11\/debrecen-autumn3-600x400.jpg 600w, https:\/\/contentf5.dailynewshungary.com\/wp-content\/uploads\/2017\/11\/debrecen-autumn3-200x133.jpg 200w, https:\/\/contentf5.dailynewshungary.com\/wp-content\/uploads\/2017\/11\/debrecen-autumn3-1080x720.jpg 1080w, https:\/\/contentf5.dailynewshungary.com\/wp-content\/uploads\/2017\/11\/debrecen-autumn3.jpg 2048w\" sizes=\"auto, (max-width: 1024px) 100vw, 1024px\"><figcaption id=\"caption-attachment-150253\" class=\"wp-caption-text\">Autunno a Erd\u0151spuszta, Debrecen Foto: MTI\/Zsolt Czegl\u00e9di<\/figcaption><\/figure>\n<p><em>Immagine in primo piano: MTI<\/em><\/p>\n","protected":false},"excerpt":{"rendered":"<p>Dopo il successo di diverse serie fotografiche che presentano Budapest nei suoi colori autunnali, abbiamo pensato di sfogliare la galleria di MTI e condividere alcune delle migliori foto che catturano la bellezza della stagione nelle diverse regioni del Paese. Molte persone sostengono che l&#8217;autunno sia la loro stagione preferita a causa del cambiamento della natura, [&hellip;]<\/p>\n","protected":false},"author":7,"featured_media":708665,"comment_status":"open","ping_status":"open","sticky":false,"template":"","format":"standard","meta":{"_display_image":"","footnotes":""},"categories":[1344],"tags":[1346,1464,1270,1375,1073],"class_list":["post-708664","post","type-post","status-publish","format-standard","has-post-thumbnail","hentry","category-speciale-ungheria","tag-balaton","tag-fotografia","tag-natura","tag-sport-allaria-aperta","tag-viaggi"],"blocksy_meta":[],"author_username":"Szandi","telegram_post":"","public_post_metadata":{"breaking_news":"","important":"","csempe":"","center_tile":"","disable_thumbnail":"","target_lang":"","_featured_image_style":"","telegram_post":"","_xlat_group_id":""},"public_rank_math_data":{"title":"%titolo% %sep% %nomesito%","description":"Abbiamo esaminato la galleria di MTI per condividere alcune delle migliori foto che catturano la bellezza della stagione nelle diverse regioni dell'Ungheria.","focus_keyword":"autunno","canonical_url":"","robots":"","primary_category":"1344","breadcrumb_title":"","facebook_title":"","facebook_description":"","facebook_image":"","facebook_image_id":"","twitter_title":"","twitter_description":"","twitter_image":"","twitter_image_id":"","twitter_card_type":"","twitter_use_facebook":"","advanced_robots":"","pillar_content":"","seo_score":"64","contentai_score":"","rich_snippet":""},"_links":{"self":[{"href":"https:\/\/dailynewshungary.com\/it\/wp-json\/wp\/v2\/posts\/708664","targetHints":{"allow":["GET"]}}],"collection":[{"href":"https:\/\/dailynewshungary.com\/it\/wp-json\/wp\/v2\/posts"}],"about":[{"href":"https:\/\/dailynewshungary.com\/it\/wp-json\/wp\/v2\/types\/post"}],"author":[{"embeddable":true,"href":"https:\/\/dailynewshungary.com\/it\/wp-json\/wp\/v2\/users\/7"}],"replies":[{"embeddable":true,"href":"https:\/\/dailynewshungary.com\/it\/wp-json\/wp\/v2\/comments?post=708664"}],"version-history":[{"count":0,"href":"https:\/\/dailynewshungary.com\/it\/wp-json\/wp\/v2\/posts\/708664\/revisions"}],"wp:featuredmedia":[{"embeddable":true,"href":"https:\/\/dailynewshungary.com\/it\/wp-json\/wp\/v2\/media\/708665"}],"wp:attachment":[{"href":"https:\/\/dailynewshungary.com\/it\/wp-json\/wp\/v2\/media?parent=708664"}],"wp:term":[{"taxonomy":"category","embeddable":true,"href":"https:\/\/dailynewshungary.com\/it\/wp-json\/wp\/v2\/categories?post=708664"},{"taxonomy":"post_tag","embeddable":true,"href":"https:\/\/dailynewshungary.com\/it\/wp-json\/wp\/v2\/tags?post=708664"}],"curies":[{"name":"wp","href":"https:\/\/api.w.org\/{rel}","templated":true}]}}