{"id":709654,"date":"2017-09-27T09:35:51","date_gmt":"2017-09-27T07:35:51","guid":{"rendered":"https:\/\/dailynewshungary.com\/it\/il-relatore-ungherese-incontra-la-controparte-lussemburghese-a-budapest\/"},"modified":"2017-09-27T09:35:51","modified_gmt":"2017-09-27T07:35:51","slug":"il-relatore-ungherese-incontra-la-controparte-lussemburghese-a-budapest","status":"publish","type":"post","link":"https:\/\/dailynewshungary.com\/it\/il-relatore-ungherese-incontra-la-controparte-lussemburghese-a-budapest\/","title":{"rendered":"Il relatore ungherese incontra la controparte lussemburghese a Budapest"},"content":{"rendered":"<p><strong><a href=\"https:\/\/dailynewshungary.com\/it\/la-grande-rapina-al-treno-britannico-come-una-banda-di-15-uomini-rubo-26-milioni-di-sterline-nel-1963\/\" target=\"_blank\" rel=\"noopener\">Presidente della Camera<\/a> L\u00e1szl\u00f3 K\u00f6v\u00e9r ha incontrato marted\u00ec in Parlamento Mars di Bartolomeo, il suo omologo lussemburghese, ha detto l&#8217;ufficio stampa del parlamento.<\/strong><\/p>\n<p>Le parti hanno discusso delle sfide riguardanti l&#8217;Unione europea, ha detto l&#8217;ufficio stampa.<\/p>\n<blockquote>\n<p><span style=\"color: #ff6600;\">L&#8217;Ungheria si sforza di relazioni equilibrate e costruttive con il Granducato del Lussemburgo, ha detto K\u00f6v\u00e9r.<\/span><\/p>\n<\/blockquote>\n<p>I paesi hanno interessi nel rafforzare i legami intergovernativi, economici e parlamentari, ha affermato.<\/p>\n<p>Il parlamento ungherese \u00e8 aperto alla cooperazione regionale tra il gruppo di Visegrad e gli stati del Benelux, ha detto K\u00f6v\u00e9r.<\/p>\n<blockquote>\n<p><span style=\"color: #ff6600;\">Bartolomeo, che \u00e8 il primo oratore lussemburghese a visitare l&#8217;Ungheria,<\/span><\/p>\n<\/blockquote>\n<p>ha promesso il suo impegno a rafforzare i legami tra gli organi legislativi dei due paesi e i loro comitati.<\/p>\n<p><em>Foto: MTI<\/em><\/p>\n","protected":false},"excerpt":{"rendered":"<p>Presidente della Camera L\u00e1szl\u00f3 K\u00f6v\u00e9r ha incontrato marted\u00ec in Parlamento Mars di Bartolomeo, il suo omologo lussemburghese, ha detto l&#8217;ufficio stampa del parlamento. Le parti hanno discusso delle sfide riguardanti l&#8217;Unione europea, ha detto l&#8217;ufficio stampa. L&#8217;Ungheria si sforza di relazioni equilibrate e costruttive con il Granducato del Lussemburgo, ha detto K\u00f6v\u00e9r. I paesi hanno [&hellip;]<\/p>\n","protected":false},"author":2,"featured_media":709655,"comment_status":"open","ping_status":"open","sticky":false,"template":"","format":"standard","meta":{"_display_image":"","footnotes":""},"categories":[1185],"tags":[1689,1247,1491,1130],"class_list":["post-709654","post","type-post","status-publish","format-standard","has-post-thumbnail","hentry","category-politica-in-ungheria","tag-benelux","tag-parlamento","tag-presidente-della-camera","tag-visita"],"blocksy_meta":[],"author_username":"alk","telegram_post":"","public_post_metadata":{"breaking_news":"","important":"","csempe":"","center_tile":"","disable_thumbnail":"","target_lang":"","_featured_image_style":"","telegram_post":"","_xlat_group_id":""},"public_rank_math_data":{"title":"%titolo% %sep% %nomesito%","description":"Marted\u00ec il presidente della Camera L\u00e1szl\u00f3 K\u00f6v\u00e9r ha incontrato Mars di Bartolomeo, il suo omologo lussemburghese, in Parlamento, ha detto l'ufficio stampa del parlamento.","focus_keyword":"Lussemburgo","canonical_url":"","robots":"","primary_category":"1185","breadcrumb_title":"","facebook_title":"","facebook_description":"","facebook_image":"","facebook_image_id":"","twitter_title":"","twitter_description":"","twitter_image":"","twitter_image_id":"","twitter_card_type":"","twitter_use_facebook":"","advanced_robots":"","pillar_content":"","seo_score":"58","contentai_score":"","rich_snippet":""},"_links":{"self":[{"href":"https:\/\/dailynewshungary.com\/it\/wp-json\/wp\/v2\/posts\/709654","targetHints":{"allow":["GET"]}}],"collection":[{"href":"https:\/\/dailynewshungary.com\/it\/wp-json\/wp\/v2\/posts"}],"about":[{"href":"https:\/\/dailynewshungary.com\/it\/wp-json\/wp\/v2\/types\/post"}],"author":[{"embeddable":true,"href":"https:\/\/dailynewshungary.com\/it\/wp-json\/wp\/v2\/users\/2"}],"replies":[{"embeddable":true,"href":"https:\/\/dailynewshungary.com\/it\/wp-json\/wp\/v2\/comments?post=709654"}],"version-history":[{"count":0,"href":"https:\/\/dailynewshungary.com\/it\/wp-json\/wp\/v2\/posts\/709654\/revisions"}],"wp:featuredmedia":[{"embeddable":true,"href":"https:\/\/dailynewshungary.com\/it\/wp-json\/wp\/v2\/media\/709655"}],"wp:attachment":[{"href":"https:\/\/dailynewshungary.com\/it\/wp-json\/wp\/v2\/media?parent=709654"}],"wp:term":[{"taxonomy":"category","embeddable":true,"href":"https:\/\/dailynewshungary.com\/it\/wp-json\/wp\/v2\/categories?post=709654"},{"taxonomy":"post_tag","embeddable":true,"href":"https:\/\/dailynewshungary.com\/it\/wp-json\/wp\/v2\/tags?post=709654"}],"curies":[{"name":"wp","href":"https:\/\/api.w.org\/{rel}","templated":true}]}}