{"id":709946,"date":"2017-09-17T09:00:24","date_gmt":"2017-09-17T07:00:24","guid":{"rendered":"https:\/\/dailynewshungary.com\/it\/ungheria-attraverso-gli-occhi-spagnoli-intervista-con-lambasciatore-spagnolo\/"},"modified":"2017-09-17T09:00:24","modified_gmt":"2017-09-17T07:00:24","slug":"ungheria-attraverso-gli-occhi-spagnoli-intervista-con-lambasciatore-spagnolo","status":"publish","type":"post","link":"https:\/\/dailynewshungary.com\/it\/ungheria-attraverso-gli-occhi-spagnoli-intervista-con-lambasciatore-spagnolo\/","title":{"rendered":"Ungheria attraverso gli occhi spagnoli Intervista con l\u2019ambasciatore spagnolo"},"content":{"rendered":"<p><strong>Ha parlato con Sua Eccellenza Jos\u00e9 \u00c1ngel Lopez Jorrin, Ambasciatore di Spagna <a href=\"http:\/\/www.globsmagazine.com\/index.php\/en\/\" target=\"_blank\" rel=\"noopener\">Rivista GLOBS<\/a> nell&#8217;imponente edificio dell&#8217;Ambasciata di Spagna Il rapporto tra Spagna e Ungheria risale a molti secoli fa e ha coinvolto personaggi di spicco come Jol\u00e1n \u00c1rp\u00e1dh\u00e1zi, la partecipazione spagnola alla riconquista di Buda e Angel Sanz Brizr, che salvarono la vita di migliaia di ungheresi durante l&#8217;Olocausto. Si prega di leggere qui un&#8217;intervista a GLOBS Magazine:<\/strong><\/p>\n<p><strong><em>Nonostante ci\u00f2, quest\u2019anno celebriamo solo il 40\u00b0 anniversario delle nostre relazioni diplomatiche. Qual \u00e8 la ragione di ci\u00f2? Qual \u00e8 il rapporto tra i due paesi?<\/em><\/strong><\/p>\n<p><span style=\"font-weight: 400;\">Storicamente non abbiamo avuto problemi reali Anche purtroppo perch\u00e9 i nostri rapporti erano stati molto bassi Celebriamo quest&#8217;anno il 40\u00b0 anniversario della ripresa delle nostre relazioni diplomatiche, che in origine arrivano fino al 1920, avevamo per\u00f2 regimi politici diversi, quello socialista qui, il regime franchista in Spagna che non aiutava affatto il contatto Solo dal 1977, abbiamo ripreso a incontrarci Quello che ci unisce di pi\u00f9 \u00e8 che siamo entrambi membri dell&#8217;Unione europea, della NATO e condividiamo gli stessi valori basati sulla democrazia Abbiamo governi con ideologie simili e sono vicini tra loro e siamo pienamente determinati a portare avanti l&#8217;idea dell&#8217;Unione europea. <\/span><\/p>\n<p><strong><em>Quanto sono collegate le economie dei due paesi? Qual \u00e8 il fondamento della cooperazione?<\/em><\/strong><\/p>\n<p><span style=\"font-weight: 400;\">Si basano fondamentalmente sull&#8217;agroindustria Gli scambi di generi alimentari di base, gli investimenti in agricoltura in particolare dalla Spagna all&#8217;Ungheria nel settore bianco nel commercio di merci Ma anche, la sezione automobilistica dell&#8217;industria che \u00e8 venuta qui per lavorare Abbiamo una fabbrica importante a Szentgotth\u00e1rd, Veszpr\u00e9m e vicino a Miskolc Ci sono aziende che producono componenti per automobili e altre che sono interessate alla riabilitazione di edifici storici Naturalmente, le nostre aziende nelle infrastrutture (strade, treni, ponti) sono le pi\u00f9 potenti del mondo Quindi, ci sono molte prospettive La Spagna sta cercando di sfruttare la sua competitivit\u00e0 comparativa in settori come le infrastrutture e in alcuni aspetti della tecnologia I nostri legami economici potrebbero essere migliori ma dobbiamo recuperare il ritardo.<\/span><\/p>\n<p><strong><em>La crisi economica ha colpito in modo significativo entrambi i nostri paesi Nel 2012, il sistema bancario in Spagna ha dovuto essere salvato utilizzando fondi statali e un pacchetto di aiuti internazionali Il tasso di disoccupazione \u00e8 del 18,6% anche adesso, ma nonostante ci\u00f2, l&#8217;economia \u00e8 in crescita, e c&#8217;\u00e8 stato un aumento del 3,2% del PIL lo scorso anno Come \u00e8 riuscita la Spagna a superare la crisi?<\/em><\/strong><\/p>\n<p><span style=\"font-weight: 400;\">La crisi economica \u00e8 stata molto grave e molto profonda Ora stiamo crescendo nel modo pi\u00f9 veloce nell&#8217;Unione europea Stiamo creando pi\u00f9 di mezzo milione di posti di lavoro ogni giorno Questo ha cambiato il panorama e il governo, arrivato nel 2010, ha dovuto subire riforme molto profonde nel mercato del lavoro e nel settore fiscale Ora stiamo crescendo nel modo pi\u00f9 veloce nell&#8217;Unione europea Stiamo creando pi\u00f9 di mezzo milione di posti di lavoro, ovvero pi\u00f9 di 7000 posti di lavoro ogni giorno Stanno arrivando investimenti diretti quindi siamo ottimisti sul mantenimento di questo Entro il 2020, il nostro obiettivo \u00e8 quello di poter far lavorare 20 milioni di persone La crisi sar\u00e0 servita alla fine a cambiare idea, a cambiare struttura e a cambiare molte cose che mantenevano un mercato del lavoro obsoleto molto vecchio Ora \u00e8 molto modernizzato e le cose non torneranno mai pi\u00f9 a quello che erano quindi il nuovo panorama in economia \u00e8 pi\u00f9 basato sul dinamismo, flessibilit\u00e0 nel lavoro e innovazione tecnologica per le piccole e medie imprese per avere un nuovo slancio I giovani imprenditori stanno crescendo di giorno in giorno La situazione non \u00e8 ancora eccellente ma ci ha aiutato a migliorare Il settore delle esportazioni per superare la crisi \u00e8 stato cos\u00ec tanto concentrato sulla crescita delle case che \u00e8 stato molto pi\u00f9 sostenibile.<\/span><\/p>\n<p><strong><em>Si \u00e8 formata una nuova rotta migratoria; quest&#8217;anno il numero di persone che si avvicinano alla Spagna via mare \u00e8 triplicato, con 3.300 migranti arrivati solo tra gennaio e aprile 2017. come sta affrontando la situazione la Spagna e qual \u00e8 la soluzione a lungo termine?<\/em><\/strong><\/p>\n<p><span style=\"font-weight: 400;\">A met\u00e0 degli anni novanta <a href=\"https:\/\/dailynewshungary.com\/it\/la-grande-rapina-al-treno-britannico-come-una-banda-di-15-uomini-rubo-26-milioni-di-sterline-nel-1963\/\" target=\"_blank\" rel=\"noopener\">Spagna<\/a> Ha ricevuto pi\u00f9 di 5 o 6 milioni di lavoratori stranieri Non tutti legali, molti illegali Dall&#8217;Europa orientale, dal Nord Africa dal Sud America Quello non rappresentava davvero un problema per la societ\u00e0 spagnola Nel 2004-2006, abbiamo avuto una grande via di immigrazione spingersi alle Isole Canarie e attraverso lo Stretto di Gibilterra a Ceuta e Melilla Miglia sono venuti ad un certo punto nelle Isole Canarie, che \u00e8 una regione di 2 milioni di persone, 80.000 persone stavano arrivando In quel momento non c&#8217;era una grande ondata di immigrazione in Europa, era principalmente l\u00ec perch\u00e9 a quel tempo non c&#8217;era la guerra in Libia e Siria Abbiamo dovuto affrontare che piuttosto da soli in quel momento senza alcun tipo di aiuto E, quello che abbiamo fatto \u00e8 quello di mettere in campo una politica di contatto chiuso con i paesi, che stavano inviando questi migranti Come creare meccanismo di cooperazione con la polizia fornendo mezzi come attrezzature, strumenti, veicoli, persino aerei per controllare che Il problema era molto finito Naturalmente abbiamo dovuto costruire una recinzione a Melilla e Ceuta, che sono piccole citt\u00e0 Ma che sono molto piccole Ma \u00e8 stato fatto per impedire il grande meccanismo di cooperazione nelle autorit\u00e0 locali. <\/span><\/p>\n<p><strong><em>Stiamo parlando di una questione che riguarda l&#8217;intera Unione europea Qual \u00e8 la sua visione di questo problema? come dobbiamo affrontare questo nuovo tipo di sfida?<\/em><\/strong><\/p>\n<p><span style=\"font-weight: 400;\">L&#8217;intera Europa sta diventando sempre pi\u00f9 consapevole che dobbiamo fare qualcosa in origine in modo da poter impedire alle persone di lasciare i loro paesi Perch\u00e9 normalmente, anche se sono povere amano la loro casa Questi conflitti di guerra dovrebbero essere messi fine e dobbiamo istituire un meccanismo e dobbiamo investire denaro Il governo ungherese \u00e8 molto di quell&#8217;idea e penso che in tutti i paesi dell&#8217;UE stiano arrivando a questa conclusione ma dobbiamo affrontare questo La domanda \u00e8 cosa facciamo con coloro che sono gi\u00e0 dentro? \u00e8 impossibile rimandarli tutti a casa che sarebbe inaccettabile e anche mandare la maggior parte di loro in un solo paese La migrazione \u00e8 sempre esistita e sempre esister\u00e0 Ora che ne abbiamo uno pi\u00f9 organizzato dobbiamo creare condizioni migliori affinch\u00e9 tutti possano vivere nei propri paesi quindi dobbiamo lavorare su questo L&#8217;integrazione \u00e8 il dovere dei migranti devono adeguarsi al paese in cui vivono Ci \u00e8 una parte di tolleranza del paese ricevente che deve capire quello ma allo stesso tempo, dobbiamo tenere presente che i paesi sono entit\u00e0 viventi Non sono una foto fissa e non possiamo evitare che le nazioni intolleranti che ora sono state tolleranti, ma che le leggi sono pi\u00f9 tolleranti nei paesi di mezzo che hanno dovuto essere tolleranti nei paesi che la Spagna, ma che hanno dovuto essere tolleranti nei paesi che hanno avuto un&#8217;et\u00e0 pi\u00f9 tormento e le leggi di mezzo, che hanno dovuto essere tolleranti nei paesi che hanno dovuto essere tolleranti nei paesi che hanno dovuto essere pi\u00f9 tolleranti nei paesi di mediamente intolleranti.<\/span><\/p>\n<p><strong><em>Ci sono 17 comunit\u00e0 autonome in Spagna; quindi, il paese sembra essere una sorta di paradiso per i diritti delle minoranze. Nonostante ci\u00f2, non \u00e8 una questione nuova che alcune di quelle regioni vogliano l\u2019indipendenza per se stesse.<\/em><\/strong><\/p>\n<p><span style=\"font-weight: 400;\">Dopo la morte di Franco, la democrazia fu ristabilita in Spagna e la costituzione riconobbe un grande decentramento del potere. Queste regioni a poco a poco acquisivano sempre pi\u00f9 competenze. La costituzione stabilisce che la sovranit\u00e0 spetta al popolo spagnolo, che vive in tutta la Spagna. Se vuoi spezzare quel paese, tutti dovrebbero votare non solo una parte di esso.<\/span><\/p>\n<p><strong><em>Secondo i catalani, mentre versano ogni anno 16 miliardi di euro nel bilancio centrale, finiscono comunque ultimi nei progetti di sviluppo statale. Il 1\u00b0 ottobre intendono indire un referendum sulla questione. Riesci a immaginare la nascita di una Catalogna indipendente?<\/em><\/strong><\/p>\n<p><span style=\"font-weight: 400;\">In Catalogna, ci sono sempre stati alcuni partiti politici, che volevano separarli dalla Spagna ma non sono mai stati maggioritari I baschi 10 o 12 anni fa fecero un movimento and\u00f2 al congresso fu respinto e non accadde nulla ma il governo autonomo del paese basco continua ad avere un&#8217;economia molto grande Hanno la pi\u00f9 grande autonomia di tutte le regioni d&#8217;Europa Dopo le crisi economiche, hanno usato questo motivo che vogliono avere l&#8217;indipendenza Il governo spagnolo ha detto: va bene, fate una proposta portatela al Parlamento e quando sar\u00e0 approvata, ci sar\u00e0 un sistema per quello Quello che non potete fare \u00e8 farlo da soli La democrazia \u00e8 lo stato di diritto Non significa che al momento non siete d&#8217;accordo con le cose che votate e poi andate via Prima di tutto, la Catalogna \u00e8 una parte della Spagna Seconda di tutto la Catalogna non viene derubata n\u00e9 oppressa Terza di tutte, potrebbe costituire un terribile precedente in quale misura sarebbe seguita nel resto d&#8217;Europa. <\/span><\/p>\n<p><strong><em>Vivete qui dal 2014 e una volta, in un&#8217;intervista, avete descritto Budapest come la citt\u00e0 pi\u00f9 bella in cui aveste mai lavorato Come trovate Budapest voi e la vostra famiglia?<\/em><\/strong><\/p>\n<p><span style=\"font-weight: 400;\">Questa \u00e8 la mia ultima destinazione Vado in pensione l&#8217;anno prossimo Siamo estremamente felici in questa citt\u00e0 La gente \u00e8 stata molto gentile con noi tutto il tempo Anche se non parliamo la lingua, ci aiutano, che \u00e8 molto da apprezzare C&#8217;\u00e8 una ricca vita culturale \u00e8 facile girarci intorno \u00e8 sicuro Ci piace visitare il Castello e attraversare il Danubio al Ponte delle Catene, camminando lungo il fiume Ho visitato la maggior parte delle citt\u00e0 sulla campagna pure Mi sento davvero come se fossi in vacanza Di solito vado a visite ufficiali ai sindaci, alle scuole bilingui, alle universit\u00e0 e cerco di accettare tutti gli inviti Abbiamo una cantina a Tokaj, che \u00e8 una propriet\u00e0 spagnola ma c&#8217;\u00e8 vino ungherese l\u00ec Vado a visitare le imprese spagnole.<\/span><\/p>\n<p style=\"text-align: center;\"><em><strong>Se desideri leggere articoli pi\u00f9 interessanti su GLOBS Magazine, <a href=\"http:\/\/www.globsmagazine.com\/index.php\/en\/\" target=\"_blank\" rel=\"noopener noreferrer\">per favore clicca QUI<\/a><br \/>\noppure puoi <a href=\"https:\/\/digitalstand.hu\/vasarlas\/_kiadvany\/_vasarlas\/4847\" target=\"_blank\" rel=\"noopener noreferrer\">acquista online La rivista GLOBS Magazine su DigitalStand<\/a><\/strong><\/em><\/p>\n","protected":false},"excerpt":{"rendered":"<p>Ha parlato con Sua Eccellenza Jos\u00e9 \u00c1ngel Lopez Jorrin, Ambasciatore di Spagna Rivista GLOBS nell&#8217;imponente edificio dell&#8217;Ambasciata di Spagna Il rapporto tra Spagna e Ungheria risale a molti secoli fa e ha coinvolto personaggi di spicco come Jol\u00e1n \u00c1rp\u00e1dh\u00e1zi, la partecipazione spagnola alla riconquista di Buda e Angel Sanz Brizr, che salvarono la vita di [&hellip;]<\/p>\n","protected":false},"author":2,"featured_media":709947,"comment_status":"open","ping_status":"open","sticky":false,"template":"","format":"standard","meta":{"_display_image":"","footnotes":""},"categories":[1185],"tags":[1466,1145,1075],"class_list":["post-709946","post","type-post","status-publish","format-standard","has-post-thumbnail","hentry","category-politica-in-ungheria","tag-intervista","tag-spagna","tag-unione-europea"],"blocksy_meta":[],"author_username":"alk","telegram_post":"","public_post_metadata":{"breaking_news":"","important":"","csempe":"","center_tile":"","disable_thumbnail":"","target_lang":"","_featured_image_style":"","telegram_post":"","_xlat_group_id":""},"public_rank_math_data":{"title":"%titolo% %sep% %nomesito%","description":"Sua Eccellenza Jos\u00e9 \u00c1ngel Lopez Jorrin, Ambasciatore di Spagna, ha parlato con GLOBS Magazine nell'imponente edificio dell'Ambasciata di Spagna.","focus_keyword":"Spagna","canonical_url":"","robots":"","primary_category":"1185","breadcrumb_title":"","facebook_title":"","facebook_description":"","facebook_image":"","facebook_image_id":"","twitter_title":"","twitter_description":"","twitter_image":"","twitter_image_id":"","twitter_card_type":"","twitter_use_facebook":"","advanced_robots":"","pillar_content":"","seo_score":"28","contentai_score":"","rich_snippet":""},"_links":{"self":[{"href":"https:\/\/dailynewshungary.com\/it\/wp-json\/wp\/v2\/posts\/709946","targetHints":{"allow":["GET"]}}],"collection":[{"href":"https:\/\/dailynewshungary.com\/it\/wp-json\/wp\/v2\/posts"}],"about":[{"href":"https:\/\/dailynewshungary.com\/it\/wp-json\/wp\/v2\/types\/post"}],"author":[{"embeddable":true,"href":"https:\/\/dailynewshungary.com\/it\/wp-json\/wp\/v2\/users\/2"}],"replies":[{"embeddable":true,"href":"https:\/\/dailynewshungary.com\/it\/wp-json\/wp\/v2\/comments?post=709946"}],"version-history":[{"count":0,"href":"https:\/\/dailynewshungary.com\/it\/wp-json\/wp\/v2\/posts\/709946\/revisions"}],"wp:featuredmedia":[{"embeddable":true,"href":"https:\/\/dailynewshungary.com\/it\/wp-json\/wp\/v2\/media\/709947"}],"wp:attachment":[{"href":"https:\/\/dailynewshungary.com\/it\/wp-json\/wp\/v2\/media?parent=709946"}],"wp:term":[{"taxonomy":"category","embeddable":true,"href":"https:\/\/dailynewshungary.com\/it\/wp-json\/wp\/v2\/categories?post=709946"},{"taxonomy":"post_tag","embeddable":true,"href":"https:\/\/dailynewshungary.com\/it\/wp-json\/wp\/v2\/tags?post=709946"}],"curies":[{"name":"wp","href":"https:\/\/api.w.org\/{rel}","templated":true}]}}