{"id":710028,"date":"2017-09-13T21:00:26","date_gmt":"2017-09-13T19:00:26","guid":{"rendered":"https:\/\/dailynewshungary.com\/it\/litalia-diventera-il-terzo-partner-commerciale-dellungheria\/"},"modified":"2017-09-13T21:00:26","modified_gmt":"2017-09-13T19:00:26","slug":"litalia-diventera-il-terzo-partner-commerciale-dellungheria","status":"publish","type":"post","link":"https:\/\/dailynewshungary.com\/it\/litalia-diventera-il-terzo-partner-commerciale-dellungheria\/","title":{"rendered":"L\u2019Italia diventer\u00e0 il terzo partner commerciale dell\u2019Ungheria"},"content":{"rendered":"<p><strong>L&#8217;Italia diventer\u00e0 il terzo partner commerciale dell&#8217;Ungheria quest&#8217;anno, dopo Germania e Austria, con un fatturato commerciale previsto di 10 miliardi di euro, ha detto marted\u00ec l&#8217;ambasciatore italiano in Ungheria.<\/strong><\/p>\n<p>Ci sono circa 2.500 aziende italiane in Ungheria e si prevede che le relazioni saranno ulteriormente sviluppate, anche nel campo dell&#8217;istruzione e della cultura, nei prossimi anni, ha detto Massimo Rustico in una conferenza stampa tenutasi il primo giorno lavorativo italiano in <a href=\"https:\/\/dailynewshungary.com\/it\/la-grande-rapina-al-treno-britannico-come-una-banda-di-15-uomini-rubo-26-milioni-di-sterline-nel-1963\/\" target=\"_blank\" rel=\"noopener\">Debrecen<\/a> nel nord-est dell&#8217;Ungheria.<\/p>\n<blockquote>\n<p>Esportazioni ungheresi verso <a href=\"https:\/\/dailynewshungary.com\/it\/la-grande-rapina-al-treno-britannico-come-una-banda-di-15-uomini-rubo-26-milioni-di-sterline-nel-1963\/\" target=\"_blank\" rel=\"noopener\">Italia<\/a> l&#8217;anno scorso sono ammontati a 4,5 miliardi di euro e le importazioni dall&#8217;Italia sono state di 4 miliardi di euro.<\/p>\n<\/blockquote>\n<p>Il surplus dell&#8217;Ungheria \u00e8 derivato principalmente dalle esportazioni di veicoli, ha affermato.<\/p>\n<p>Il sindaco di Debrecen L\u00e1szl\u00f3 Papp ha affermato che le aziende italiane operano gi\u00e0 in citt\u00e0 ma altri investitori sono i benvenuti Le potenziali aziende partner di Debrecen prevedono di partecipare al primo forum imprenditoriale italo-ungherese che si terr\u00e0 a Milano e parteciperanno anche a un forum aziendale a Torino.<\/p>\n<p>Cercano anche progetti che potrebbero essere realizzati congiuntamente da aziende ungheresi e italiane utilizzando i fondi dell&#8217;Unione Europea.<\/p>\n<p>Il museo moderno di Debrecen prevede di presentare una mostra italiana contemporanea su larga scala l&#8217;anno prossimo o nel 2019, ha affermato Papp.<\/p>\n","protected":false},"excerpt":{"rendered":"<p>L&#8217;Italia diventer\u00e0 il terzo partner commerciale dell&#8217;Ungheria quest&#8217;anno, dopo Germania e Austria, con un fatturato commerciale previsto di 10 miliardi di euro, ha detto marted\u00ec l&#8217;ambasciatore italiano in Ungheria. Ci sono circa 2.500 aziende italiane in Ungheria e si prevede che le relazioni saranno ulteriormente sviluppate, anche nel campo dell&#8217;istruzione e della cultura, nei prossimi [&hellip;]<\/p>\n","protected":false},"author":2,"featured_media":710029,"comment_status":"open","ping_status":"open","sticky":false,"template":"","format":"standard","meta":{"_display_image":"","footnotes":""},"categories":[1314],"tags":[1518,1389,1132,1267,1075],"class_list":["post-710028","post","type-post","status-publish","format-standard","has-post-thumbnail","hentry","category-economia-in-ungheria","tag-conferenza","tag-debrecen","tag-economia","tag-italia","tag-unione-europea"],"blocksy_meta":[],"author_username":"alk","telegram_post":"","public_post_metadata":{"breaking_news":"","important":"","csempe":"","center_tile":"","disable_thumbnail":"","target_lang":"","_featured_image_style":"","telegram_post":"","_xlat_group_id":""},"public_rank_math_data":{"title":"%titolo% %sep% %nomesito%","description":"L'Italia diventer\u00e0 quest'anno il terzo partner commerciale dell'Ungheria, dopo Germania e Austria, con un fatturato commerciale previsto di 10 miliardi di euro.","focus_keyword":"Italia","canonical_url":"","robots":"","primary_category":"1314","breadcrumb_title":"","facebook_title":"","facebook_description":"","facebook_image":"","facebook_image_id":"","twitter_title":"","twitter_description":"","twitter_image":"","twitter_image_id":"","twitter_card_type":"","twitter_use_facebook":"","advanced_robots":"","pillar_content":"","seo_score":"67","contentai_score":"","rich_snippet":""},"_links":{"self":[{"href":"https:\/\/dailynewshungary.com\/it\/wp-json\/wp\/v2\/posts\/710028","targetHints":{"allow":["GET"]}}],"collection":[{"href":"https:\/\/dailynewshungary.com\/it\/wp-json\/wp\/v2\/posts"}],"about":[{"href":"https:\/\/dailynewshungary.com\/it\/wp-json\/wp\/v2\/types\/post"}],"author":[{"embeddable":true,"href":"https:\/\/dailynewshungary.com\/it\/wp-json\/wp\/v2\/users\/2"}],"replies":[{"embeddable":true,"href":"https:\/\/dailynewshungary.com\/it\/wp-json\/wp\/v2\/comments?post=710028"}],"version-history":[{"count":0,"href":"https:\/\/dailynewshungary.com\/it\/wp-json\/wp\/v2\/posts\/710028\/revisions"}],"wp:featuredmedia":[{"embeddable":true,"href":"https:\/\/dailynewshungary.com\/it\/wp-json\/wp\/v2\/media\/710029"}],"wp:attachment":[{"href":"https:\/\/dailynewshungary.com\/it\/wp-json\/wp\/v2\/media?parent=710028"}],"wp:term":[{"taxonomy":"category","embeddable":true,"href":"https:\/\/dailynewshungary.com\/it\/wp-json\/wp\/v2\/categories?post=710028"},{"taxonomy":"post_tag","embeddable":true,"href":"https:\/\/dailynewshungary.com\/it\/wp-json\/wp\/v2\/tags?post=710028"}],"curies":[{"name":"wp","href":"https:\/\/api.w.org\/{rel}","templated":true}]}}