{"id":710552,"date":"2017-08-26T15:00:40","date_gmt":"2017-08-26T13:00:40","guid":{"rendered":"https:\/\/dailynewshungary.com\/it\/accuse-di-atto-terroristico-premeditato-mosse-contro-il-sospettato-dellattentato-di-budapest\/"},"modified":"2017-08-26T15:00:40","modified_gmt":"2017-08-26T13:00:40","slug":"accuse-di-atto-terroristico-premeditato-mosse-contro-il-sospettato-dellattentato-di-budapest","status":"publish","type":"post","link":"https:\/\/dailynewshungary.com\/it\/accuse-di-atto-terroristico-premeditato-mosse-contro-il-sospettato-dellattentato-di-budapest\/","title":{"rendered":"Accuse di atto terroristico premeditato mosse contro il sospettato dell\u2019attentato di Budapest"},"content":{"rendered":"<p><strong>L&#8217;Ufficio centrale investigativo della Procura ha sollevato accuse di un atto terroristico premeditato contro un uomo attualmente detenuto per il suo presunto coinvolgimento in un attentato dinamitardo compiuto a Budapest lo scorso autunno, ha detto venerd\u00ec il procuratore municipale Imre Keresztes.<\/strong><\/p>\n<p><a href=\"https:\/\/dailynewshungary.com\/it\/detonazione-il-centro-di-budapest-foto-video-foto-video\/\" target=\"_blank\" rel=\"noopener\">Nell&#8217;attentato del 24 settembre due agenti di polizia sono rimasti feriti<\/a>, uno di loro con ferite mortali, quando la bomba \u00e8 esplosa vicino all&#8217;ingresso di un negozio al piano terra nel centro di Ter\u00e9z k\u00f6r\u00fat (Viale) di Budapest.<\/p>\n<p>Il sospettato, identificato come L\u00e1szl\u00f3 P, \u00e8 stato arrestato a Keszthely, nell&#8217;Ungheria occidentale, il 19 ottobre con l&#8217;accusa di tentativo premeditato contro membri dell&#8217;autorit\u00e0.<\/p>\n<p>L&#8217;ufficio investigativo dell&#8217;accusa ha annunciato nel febbraio di quest&#8217;anno che il sospettato, di 24 anni, aveva di fatto ammesso di aver compiuto l&#8217;attentato dinamitardo, la sua custodia cautelare \u00e8 stata prorogata fino al 21 ottobre di quest&#8217;anno.<\/p>\n<p>Keresztes ha dichiarato in un comunicato che l&#8217;accusa di un atto terroristico \u00e8 stata motivata dalle minacce del sospettato di effettuare ulteriori attentati contro esseri umani a meno che il ministero degli Interni non gli avesse pagato un milione di euro in contanti.<\/p>\n<p>La scadenza per chiudere le indagini \u00e8 il 14 settembre, ha detto.<\/p>\n","protected":false},"excerpt":{"rendered":"<p>L&#8217;Ufficio centrale investigativo della Procura ha sollevato accuse di un atto terroristico premeditato contro un uomo attualmente detenuto per il suo presunto coinvolgimento in un attentato dinamitardo compiuto a Budapest lo scorso autunno, ha detto venerd\u00ec il procuratore municipale Imre Keresztes. Nell&#8217;attentato del 24 settembre due agenti di polizia sono rimasti feriti, uno di loro [&hellip;]<\/p>\n","protected":false},"author":2,"featured_media":0,"comment_status":"open","ping_status":"open","sticky":false,"template":"","format":"standard","meta":{"_display_image":"","footnotes":""},"categories":[1207],"tags":[1115,1193,1468],"class_list":["post-710552","post","type-post","status-publish","format-standard","hentry","category-societa-in-ungheria","tag-polizia","tag-terrorismo","tag-tribunale"],"blocksy_meta":[],"author_username":"alk","telegram_post":"","public_post_metadata":{"breaking_news":"","important":"","csempe":"","center_tile":"","disable_thumbnail":"","target_lang":"","_featured_image_style":"","telegram_post":"","_xlat_group_id":""},"public_rank_math_data":{"title":"%titolo% %sep% %nomesito%","description":"La polizia ha sollevato accuse di un atto terroristico premeditato contro un uomo attualmente detenuto per il suo presunto coinvolgimento in un attentato dinamitardo","focus_keyword":"bombardamento","canonical_url":"","robots":"","primary_category":"1207","breadcrumb_title":"","facebook_title":"","facebook_description":"","facebook_image":"","facebook_image_id":"","twitter_title":"","twitter_description":"","twitter_image":"","twitter_image_id":"","twitter_card_type":"","twitter_use_facebook":"","advanced_robots":"","pillar_content":"","seo_score":"47","contentai_score":"","rich_snippet":""},"_links":{"self":[{"href":"https:\/\/dailynewshungary.com\/it\/wp-json\/wp\/v2\/posts\/710552","targetHints":{"allow":["GET"]}}],"collection":[{"href":"https:\/\/dailynewshungary.com\/it\/wp-json\/wp\/v2\/posts"}],"about":[{"href":"https:\/\/dailynewshungary.com\/it\/wp-json\/wp\/v2\/types\/post"}],"author":[{"embeddable":true,"href":"https:\/\/dailynewshungary.com\/it\/wp-json\/wp\/v2\/users\/2"}],"replies":[{"embeddable":true,"href":"https:\/\/dailynewshungary.com\/it\/wp-json\/wp\/v2\/comments?post=710552"}],"version-history":[{"count":0,"href":"https:\/\/dailynewshungary.com\/it\/wp-json\/wp\/v2\/posts\/710552\/revisions"}],"wp:attachment":[{"href":"https:\/\/dailynewshungary.com\/it\/wp-json\/wp\/v2\/media?parent=710552"}],"wp:term":[{"taxonomy":"category","embeddable":true,"href":"https:\/\/dailynewshungary.com\/it\/wp-json\/wp\/v2\/categories?post=710552"},{"taxonomy":"post_tag","embeddable":true,"href":"https:\/\/dailynewshungary.com\/it\/wp-json\/wp\/v2\/tags?post=710552"}],"curies":[{"name":"wp","href":"https:\/\/api.w.org\/{rel}","templated":true}]}}