{"id":711848,"date":"2017-07-08T14:30:59","date_gmt":"2017-07-08T12:30:59","guid":{"rendered":"https:\/\/dailynewshungary.com\/it\/orban-si-impegna-a-usare-forza-politica-e-legale-contro-i-sostenitori-della-migrazione\/"},"modified":"2017-07-08T14:30:59","modified_gmt":"2017-07-08T12:30:59","slug":"orban-si-impegna-a-usare-forza-politica-e-legale-contro-i-sostenitori-della-migrazione","status":"publish","type":"post","link":"https:\/\/dailynewshungary.com\/it\/orban-si-impegna-a-usare-forza-politica-e-legale-contro-i-sostenitori-della-migrazione\/","title":{"rendered":"Orb\u00e1n si impegna a usare \u201cforza politica e legale\u201d contro i sostenitori della migrazione"},"content":{"rendered":"<p><strong>Il governo utilizzer\u00e0 la forza politica e legale dello Stato ungherese contro chiunque cerchi di compromettere la sicurezza del Paese promuovendo l&#8217;immigrazione clandestina, indipendentemente dalla sua origine, appartenenza religiosa o status finanziario\u201d <a href=\"https:\/\/dailynewshungary.com\/it\/la-grande-rapina-al-treno-britannico-come-una-banda-di-15-uomini-rubo-26-milioni-di-sterline-nel-1963\/\" target=\"_blank\" rel=\"noopener noreferrer\">Il primo ministro Viktor Orb\u00e1n<\/a> ha detto in una lettera al capo della federazione ebraica ungherese Mazsihisz.<\/strong><\/p>\n<p>Nella sua lettera, inviata venerd\u00ec all&#8217;MTI dall&#8217;ufficio stampa del primo ministro, Orb\u00e1n ha fatto riferimento a a <a href=\"https:\/\/dailynewshungary.com\/it\/la-federazione-ebraica-chiede-a-orban-di-abbandonare-la-campagna-di-cartelloni-pubblicitari-di-soros-update\/\" target=\"_blank\" rel=\"noopener noreferrer\">recente chiamata di Mazsihisz<\/a> che il governo dovrebbe abbandonare una campagna di cartelloni pubblicitari raffigurante il finanziere americano George Soros, e ha affermato che Soros sta lavorando per utilizzare a milioni la sua ricchezza, potere, influenza e la rete di ONG che finanzia per sistemare i migranti nell\u2019Unione Europea\u201d.<\/p>\n<p>\u201cProteggeremo la nostra patria, la sicurezza delle nostre famiglie e della vita quotidiana, le nostre conquiste e la cultura\u201d, ha detto il primo ministro, aggiungendo che \u201cit sono solo gli ungheresi che dovrebbero decidere con chi vogliono vivere insieme a\u201d.<\/p>\n<p>Ha insistito sul fatto che la stragrande maggioranza degli ungheresi concorda all&#8217;unanimit\u00e0 sul fatto che il futuro dell&#8217;Ungheria e dell&#8217;Unione europea dipende dalla risposta da dare al problema dell&#8217;immigrazione clandestina\u201d e ha aggiunto che i frequenti atti terroristici e la violenza colpiscono soprattutto la comunit\u00e0 ebraica europea\u201d.<\/p>\n<p>\u201cCome primo ministro, \u00e8 mio dovere proteggere l&#8217;Ungheria e i suoi cittadini, ha detto\u201d Orb\u00e1n, aggiungendo che la comunit\u00e0 ebraica ungherese pu\u00f2 sempre fare affidamento sulla protezione del governo.<\/p>\n","protected":false},"excerpt":{"rendered":"<p>Il governo utilizzer\u00e0 la forza politica e legale dello Stato ungherese contro chiunque cerchi di compromettere la sicurezza del Paese promuovendo l&#8217;immigrazione clandestina, indipendentemente dalla sua origine, appartenenza religiosa o status finanziario\u201d Il primo ministro Viktor Orb\u00e1n ha detto in una lettera al capo della federazione ebraica ungherese Mazsihisz. Nella sua lettera, inviata venerd\u00ec all&#8217;MTI [&hellip;]<\/p>\n","protected":false},"author":2,"featured_media":711849,"comment_status":"open","ping_status":"open","sticky":false,"template":"","format":"standard","meta":{"_display_image":"","footnotes":""},"categories":[1185],"tags":[1311,1111,1075,1083],"class_list":["post-711848","post","type-post","status-publish","format-standard","has-post-thumbnail","hentry","category-politica-in-ungheria","tag-religione","tag-stati-uniti","tag-unione-europea","tag-viktor-orban"],"blocksy_meta":[],"author_username":"alk","telegram_post":"","public_post_metadata":{"breaking_news":"","important":"","csempe":"","center_tile":"","disable_thumbnail":"","target_lang":"","_featured_image_style":"","telegram_post":"","_xlat_group_id":""},"public_rank_math_data":{"title":"%titolo% %sep% %nomesito%","description":"Orb\u00e1n ha fatto riferimento a un recente appello di Mazsihisz affinch\u00e9 il governo abbandoni una campagna di cartelloni pubblicitari raffigurante il finanziere americano George Soros.","focus_keyword":"Orb\u00e1n","canonical_url":"","robots":"","primary_category":"1185","breadcrumb_title":"","facebook_title":"","facebook_description":"","facebook_image":"","facebook_image_id":"","twitter_title":"","twitter_description":"","twitter_image":"","twitter_image_id":"","twitter_card_type":"","twitter_use_facebook":"","advanced_robots":"","pillar_content":"","seo_score":"62","contentai_score":"","rich_snippet":""},"_links":{"self":[{"href":"https:\/\/dailynewshungary.com\/it\/wp-json\/wp\/v2\/posts\/711848","targetHints":{"allow":["GET"]}}],"collection":[{"href":"https:\/\/dailynewshungary.com\/it\/wp-json\/wp\/v2\/posts"}],"about":[{"href":"https:\/\/dailynewshungary.com\/it\/wp-json\/wp\/v2\/types\/post"}],"author":[{"embeddable":true,"href":"https:\/\/dailynewshungary.com\/it\/wp-json\/wp\/v2\/users\/2"}],"replies":[{"embeddable":true,"href":"https:\/\/dailynewshungary.com\/it\/wp-json\/wp\/v2\/comments?post=711848"}],"version-history":[{"count":0,"href":"https:\/\/dailynewshungary.com\/it\/wp-json\/wp\/v2\/posts\/711848\/revisions"}],"wp:featuredmedia":[{"embeddable":true,"href":"https:\/\/dailynewshungary.com\/it\/wp-json\/wp\/v2\/media\/711849"}],"wp:attachment":[{"href":"https:\/\/dailynewshungary.com\/it\/wp-json\/wp\/v2\/media?parent=711848"}],"wp:term":[{"taxonomy":"category","embeddable":true,"href":"https:\/\/dailynewshungary.com\/it\/wp-json\/wp\/v2\/categories?post=711848"},{"taxonomy":"post_tag","embeddable":true,"href":"https:\/\/dailynewshungary.com\/it\/wp-json\/wp\/v2\/tags?post=711848"}],"curies":[{"name":"wp","href":"https:\/\/api.w.org\/{rel}","templated":true}]}}