{"id":711905,"date":"2017-07-06T15:20:29","date_gmt":"2017-07-06T13:20:29","guid":{"rendered":"https:\/\/dailynewshungary.com\/it\/la-federazione-ebraica-chiede-a-orban-di-abbandonare-la-campagna-di-cartelloni-pubblicitari-di-soros-update\/"},"modified":"2017-07-06T15:20:29","modified_gmt":"2017-07-06T13:20:29","slug":"la-federazione-ebraica-chiede-a-orban-di-abbandonare-la-campagna-di-cartelloni-pubblicitari-di-soros-update","status":"publish","type":"post","link":"https:\/\/dailynewshungary.com\/it\/la-federazione-ebraica-chiede-a-orban-di-abbandonare-la-campagna-di-cartelloni-pubblicitari-di-soros-update\/","title":{"rendered":"La federazione ebraica chiede a Orb\u00e1n di abbandonare la campagna di cartelloni pubblicitari di Soros UPDATE"},"content":{"rendered":"<p><strong>Ha fatto appello il capo della Federazione delle comunit\u00e0 ebraiche in Ungheria (Mazsihisz) <a href=\"https:\/\/dailynewshungary.com\/it\/la-grande-rapina-al-treno-britannico-come-una-banda-di-15-uomini-rubo-26-milioni-di-sterline-nel-1963\/\" target=\"_blank\" rel=\"noopener noreferrer\">Il primo ministro Viktor Orb\u00e1n<\/a> per porre fine alla recente campagna di cartelloni pubblicitari del governo che raffigura il finanziere statunitense George Soros.<\/strong><\/p>\n<p>Sebbene la campagna non sia apertamente antisemita, \u00e8 in grado di incitare sentimenti antisemiti nelle persone, ha detto gioved\u00ec Andr\u00e1s Heisler in una dichiarazione.<\/p>\n<p>Riferendosi alla recente comparsa di graffiti antisemiti su alcuni cartelloni pubblicitari a Budapest, Heisler ha affermato che i timori di Mazsihisz non sono infondati.<\/p>\n<p>Ha detto che i membri del governo hanno una responsabilit\u00e0 storica nel prevenire la diffusione dell\u2019odio e della divisione in Ungheria.<\/p>\n<p>\u201cTi chiedo di agire affinch\u00e9 questo incubo possa finire il prima possibile, ha scritto\u201d Heisler.<\/p>\n<p>All\u2019inizio della giornata, Istv\u00e1n Hollik, un parlamentare dei cristiano-democratici co-governati, ha dichiarato in una conferenza stampa che il governo ha tolleranza zero nei confronti dell\u2019antisemitismo.<\/p>\n<p>Alla richiesta di commentare una precedente lettera di Heisler che avvertiva che la campagna avrebbe potuto suscitare sentimenti antisemiti, Hollik ha affermato che il motivo per cui il governo ha combattuto contro l&#8217;immigrazione clandestina era in modo da poter proteggere gli ungheresi e la comunit\u00e0 ebraica ungherese. Ha aggiunto che Soros, d&#8217;altra parte, \u201cis esercita pressioni sul governo ungherese\u201d sull&#8217;immigrazione clandestina. \u201cQuesto \u00e8 ci\u00f2 di cui parla la campagna di cartelloni pubblicitari, ha detto\u201d Hollik.<\/p>\n<p><a href=\"https:\/\/dailynewshungary.com\/it\/orban-incontra-il-rabbino-capo-ashkenazita-israeliano\/\">Come abbiamo scritto<\/a>(Il Primo Ministro Orb\u00e1n ha incontrato David Lau, rabbino capo ashkenazita di Israele, per un colloquio a Budapest oggi.<\/p>\n<p>Parlando in una conferenza stampa settimanale, il capo dell&#8217;ufficio governativo J\u00e1nos L\u00e1z\u00e1r ha negato che la campagna di cartelloni pubblicitari abbia qualcosa a che fare con l&#8217;identit\u00e0 o le origini di Soros. Il suo scopo \u00e8 attirare l&#8217;attenzione su \u201cil pericolo che Soros presenta\u201d in relazione alla migrazione, ha affermato. Il governo ungherese \u00e8 pronto a proteggere tutti i cittadini ebrei e ha dichiarato tolleranza zero nei confronti dell\u2019antisemitismo, ha aggiunto.<\/p>\n<p>Il primo ministro Viktor Orb\u00e1n invier\u00e0 una risposta scritta a Heisler, ha detto L\u00e1z\u00e1r.<\/p>\n<p><em>Foto: Notizie quotidiane Ungheria<\/em><\/p>\n","protected":false},"excerpt":{"rendered":"<p>Ha fatto appello il capo della Federazione delle comunit\u00e0 ebraiche in Ungheria (Mazsihisz) Il primo ministro Viktor Orb\u00e1n per porre fine alla recente campagna di cartelloni pubblicitari del governo che raffigura il finanziere statunitense George Soros. Sebbene la campagna non sia apertamente antisemita, \u00e8 in grado di incitare sentimenti antisemiti nelle persone, ha detto gioved\u00ec [&hellip;]<\/p>\n","protected":false},"author":2,"featured_media":711906,"comment_status":"open","ping_status":"open","sticky":false,"template":"","format":"standard","meta":{"_display_image":"","footnotes":""},"categories":[1185],"tags":[1311,1111,1083],"class_list":["post-711905","post","type-post","status-publish","format-standard","has-post-thumbnail","hentry","category-politica-in-ungheria","tag-religione","tag-stati-uniti","tag-viktor-orban"],"blocksy_meta":[],"author_username":"alk","telegram_post":"","public_post_metadata":{"breaking_news":"","important":"","csempe":"","center_tile":"","disable_thumbnail":"","target_lang":"","_featured_image_style":"","telegram_post":"","_xlat_group_id":""},"public_rank_math_data":{"title":"%titolo% %sep% %nomesito%","description":"Il capo della Federazione delle comunit\u00e0 ebraiche in Ungheria (Mazsihisz) ha invitato il primo ministro Orb\u00e1n a porre fine alla campagna di cartelloni pubblicitari del governo.","focus_keyword":"campagna cartelloni","canonical_url":"","robots":"","primary_category":"1185","breadcrumb_title":"","facebook_title":"","facebook_description":"","facebook_image":"","facebook_image_id":"","twitter_title":"","twitter_description":"","twitter_image":"","twitter_image_id":"","twitter_card_type":"","twitter_use_facebook":"","advanced_robots":"","pillar_content":"","seo_score":"56","contentai_score":"","rich_snippet":""},"_links":{"self":[{"href":"https:\/\/dailynewshungary.com\/it\/wp-json\/wp\/v2\/posts\/711905","targetHints":{"allow":["GET"]}}],"collection":[{"href":"https:\/\/dailynewshungary.com\/it\/wp-json\/wp\/v2\/posts"}],"about":[{"href":"https:\/\/dailynewshungary.com\/it\/wp-json\/wp\/v2\/types\/post"}],"author":[{"embeddable":true,"href":"https:\/\/dailynewshungary.com\/it\/wp-json\/wp\/v2\/users\/2"}],"replies":[{"embeddable":true,"href":"https:\/\/dailynewshungary.com\/it\/wp-json\/wp\/v2\/comments?post=711905"}],"version-history":[{"count":0,"href":"https:\/\/dailynewshungary.com\/it\/wp-json\/wp\/v2\/posts\/711905\/revisions"}],"wp:featuredmedia":[{"embeddable":true,"href":"https:\/\/dailynewshungary.com\/it\/wp-json\/wp\/v2\/media\/711906"}],"wp:attachment":[{"href":"https:\/\/dailynewshungary.com\/it\/wp-json\/wp\/v2\/media?parent=711905"}],"wp:term":[{"taxonomy":"category","embeddable":true,"href":"https:\/\/dailynewshungary.com\/it\/wp-json\/wp\/v2\/categories?post=711905"},{"taxonomy":"post_tag","embeddable":true,"href":"https:\/\/dailynewshungary.com\/it\/wp-json\/wp\/v2\/tags?post=711905"}],"curies":[{"name":"wp","href":"https:\/\/api.w.org\/{rel}","templated":true}]}}