{"id":711913,"date":"2017-07-06T12:00:19","date_gmt":"2017-07-06T10:00:19","guid":{"rendered":"https:\/\/dailynewshungary.com\/it\/orban-incontra-il-rabbino-capo-ashkenazita-israeliano\/"},"modified":"2017-07-06T12:00:19","modified_gmt":"2017-07-06T10:00:19","slug":"orban-incontra-il-rabbino-capo-ashkenazita-israeliano","status":"publish","type":"post","link":"https:\/\/dailynewshungary.com\/it\/orban-incontra-il-rabbino-capo-ashkenazita-israeliano\/","title":{"rendered":"Orb\u00e1n incontra il rabbino capo ashkenazita israeliano"},"content":{"rendered":"<p><strong><a href=\"https:\/\/dailynewshungary.com\/it\/la-grande-rapina-al-treno-britannico-come-una-banda-di-15-uomini-rubo-26-milioni-di-sterline-nel-1963\/\">Il primo ministro Viktor Orb\u00e1n<\/a> gioved\u00ec ho incontrato David Lau, rabbino capo ashkenazita di Israele, per un colloquio a Budapest.<\/strong><\/p>\n<p>I partiti presenti ai colloqui hanno discusso le questioni relative al sostegno del governo alla comunit\u00e0 ebraica in Ungheria, ha detto il capo della stampa del primo ministro all&#8217;MTI.<\/p>\n<p>Orb\u00e1n assicur\u00f2 al suo ospite la protezione incondizionata del governo nei confronti della comunit\u00e0 ebraica e disse che agli ebrei, analogamente ai membri di tutte le altre grandi comunit\u00e0 religiose, venivano concesse tutte le forme di sostegno.<\/p>\n<p>Ai colloqui hanno partecipato il vice PM Zsolt Semj\u00e9n, e il rabbino capo dell&#8217;EMIH Slom\u00f3 K\u00f6ves.<\/p>\n<p>Il rabbino capo ha espresso piacere per la prosperit\u00e0 della vita ebraica in Ungheria e ha ringraziato il primo ministro per il suo sostegno, ha detto Bertalan Havasi.<\/p>\n<p><em>Foto: MTI<\/em><\/p>\n","protected":false},"excerpt":{"rendered":"<p>Il primo ministro Viktor Orb\u00e1n gioved\u00ec ho incontrato David Lau, rabbino capo ashkenazita di Israele, per un colloquio a Budapest. I partiti presenti ai colloqui hanno discusso le questioni relative al sostegno del governo alla comunit\u00e0 ebraica in Ungheria, ha detto il capo della stampa del primo ministro all&#8217;MTI. Orb\u00e1n assicur\u00f2 al suo ospite la [&hellip;]<\/p>\n","protected":false},"author":2,"featured_media":711914,"comment_status":"open","ping_status":"open","sticky":false,"template":"","format":"standard","meta":{"_display_image":"","footnotes":""},"categories":[1185],"tags":[1157,1350,1311,1083],"class_list":["post-711913","post","type-post","status-publish","format-standard","has-post-thumbnail","hentry","category-politica-in-ungheria","tag-asia","tag-medio-oriente","tag-religione","tag-viktor-orban"],"blocksy_meta":[],"author_username":"alk","telegram_post":"","public_post_metadata":{"breaking_news":"","important":"","csempe":"","center_tile":"","disable_thumbnail":"","target_lang":"","_featured_image_style":"","telegram_post":"","_xlat_group_id":""},"public_rank_math_data":{"title":"%titolo% %sep% %nomesito%","description":"Gioved\u00ec il primo ministro Viktor Orb\u00e1n ha incontrato David Lau, rabbino capo ashkenazita di Israele, per i colloqui a Budapest. Lau ha ringraziato il sostegno del primo ministro","focus_keyword":"rabbino","canonical_url":"","robots":"","primary_category":"1185","breadcrumb_title":"","facebook_title":"","facebook_description":"","facebook_image":"","facebook_image_id":"","twitter_title":"","twitter_description":"","twitter_image":"","twitter_image_id":"","twitter_card_type":"","twitter_use_facebook":"","advanced_robots":"","pillar_content":"","seo_score":"59","contentai_score":"","rich_snippet":""},"_links":{"self":[{"href":"https:\/\/dailynewshungary.com\/it\/wp-json\/wp\/v2\/posts\/711913","targetHints":{"allow":["GET"]}}],"collection":[{"href":"https:\/\/dailynewshungary.com\/it\/wp-json\/wp\/v2\/posts"}],"about":[{"href":"https:\/\/dailynewshungary.com\/it\/wp-json\/wp\/v2\/types\/post"}],"author":[{"embeddable":true,"href":"https:\/\/dailynewshungary.com\/it\/wp-json\/wp\/v2\/users\/2"}],"replies":[{"embeddable":true,"href":"https:\/\/dailynewshungary.com\/it\/wp-json\/wp\/v2\/comments?post=711913"}],"version-history":[{"count":0,"href":"https:\/\/dailynewshungary.com\/it\/wp-json\/wp\/v2\/posts\/711913\/revisions"}],"wp:featuredmedia":[{"embeddable":true,"href":"https:\/\/dailynewshungary.com\/it\/wp-json\/wp\/v2\/media\/711914"}],"wp:attachment":[{"href":"https:\/\/dailynewshungary.com\/it\/wp-json\/wp\/v2\/media?parent=711913"}],"wp:term":[{"taxonomy":"category","embeddable":true,"href":"https:\/\/dailynewshungary.com\/it\/wp-json\/wp\/v2\/categories?post=711913"},{"taxonomy":"post_tag","embeddable":true,"href":"https:\/\/dailynewshungary.com\/it\/wp-json\/wp\/v2\/tags?post=711913"}],"curies":[{"name":"wp","href":"https:\/\/api.w.org\/{rel}","templated":true}]}}