{"id":712185,"date":"2017-06-26T22:00:16","date_gmt":"2017-06-26T20:00:16","guid":{"rendered":"https:\/\/dailynewshungary.com\/it\/capo-dellocse-varga-si-concentra-sulla-produttivita-delle-pmi-nel-forum-di-budapest\/"},"modified":"2017-06-26T22:00:16","modified_gmt":"2017-06-26T20:00:16","slug":"capo-dellocse-varga-si-concentra-sulla-produttivita-delle-pmi-nel-forum-di-budapest","status":"publish","type":"post","link":"https:\/\/dailynewshungary.com\/it\/capo-dellocse-varga-si-concentra-sulla-produttivita-delle-pmi-nel-forum-di-budapest\/","title":{"rendered":"Capo dell\u2019OCSE, Varga si concentra sulla produttivit\u00e0 delle PMI nel forum di Budapest"},"content":{"rendered":"<p><strong>Luned\u00ec il capo dell&#8217;OCSE e il ministro dell&#8217;Economia ungherese si sono concentrati in un forum a Budapest su iniziative politiche che accelererebbero la crescita della produttivit\u00e0 delle piccole e medie imprese.<\/strong><\/p>\n<p>Angel Gurria, segretario generale della <a href=\"https:\/\/dailynewshungary.com\/it\/la-grande-rapina-al-treno-britannico-come-una-banda-di-15-uomini-rubo-26-milioni-di-sterline-nel-1963\/\" target=\"_blank\" rel=\"noopener noreferrer\">Organizzazione per la cooperazione e lo sviluppo economico (OCSE)<\/a>, ha affermato che \u00e8 necessaria una valutazione su come intensificare le catene di approvvigionamento globali e su come aumentare la produttivit\u00e0 delle PMI.<\/p>\n<p>Mih\u00e1ly Varga, Ungheria <a href=\"https:\/\/dailynewshungary.com\/it\/la-grande-rapina-al-treno-britannico-come-una-banda-di-15-uomini-rubo-26-milioni-di-sterline-nel-1963\/\" target=\"_blank\" rel=\"noopener noreferrer\">economia<\/a> ministro, ha dichiarato al Forum globale sulla produttivit\u00e0 dell&#8217;OCSE che il governo sta adottando varie misure per accelerare il processo attraverso il quale le PMI ungheresi si collegano con le aziende internazionali, principalmente attraverso le reti di fornitura ungheresi che offrono una buona opportunit\u00e0 per i loro prodotti di entrare nei mercati internazionali come esportazioni Si spera che la produttivit\u00e0 migliorer\u00e0 come risultato di tali misure, ha aggiunto.<\/p>\n<p>Il ministro ha inoltre preso atto dei programmi governativi volti a integrare le PMI nelle catene di approvvigionamento delle aziende internazionali.<\/p>\n<p>Varga ha affermato che l\u2019adesione alle catene del valore internazionali aiuta anche a far avanzare gli sforzi di ricerca e innovazione delle grandi aziende, i cui risultati possono poi essere sfruttati anche dalle piccole imprese.<\/p>\n<p>Zolt\u00e1n Balog, ministro delle Risorse umane, ha avuto colloqui con Gurria nel suo ufficio e lo ha informato sugli sforzi del governo per ridurre le disparit\u00e0 regionali nell&#8217;accesso ai servizi, aggiungendo che il governo conta sulla consulenza professionale dell&#8217;OCSE in questo settore, ha affermato il ministero in una nota.<\/p>\n<p>Balog ha anche informato Gurria sugli sforzi e sui risultati del governo per l&#8217;integrazione dei rom. Il numero di studenti rom nell&#8217;istruzione superiore \u00e8 raddoppiato negli ultimi tempi, ha detto a Gurria.<\/p>\n<p>Gurria ha affermato che l&#8217;OCSE mantiene ottimi rapporti con l&#8217;Ungheria e ha offerto legami pi\u00f9 stretti nei settori dell&#8217;istruzione, dell&#8217;assistenza sanitaria, dell&#8217;integrazione dei rom e dell&#8217;intervento precoce. I due funzionari hanno concordato di incontrarsi nuovamente per consultazioni all&#8217;inizio di novembre.<\/p>\n<p><em>Foto: MTI<\/em><\/p>\n","protected":false},"excerpt":{"rendered":"<p>Luned\u00ec il capo dell&#8217;OCSE e il ministro dell&#8217;Economia ungherese si sono concentrati in un forum a Budapest su iniziative politiche che accelererebbero la crescita della produttivit\u00e0 delle piccole e medie imprese. Angel Gurria, segretario generale della Organizzazione per la cooperazione e lo sviluppo economico (OCSE), ha affermato che \u00e8 necessaria una valutazione su come intensificare [&hellip;]<\/p>\n","protected":false},"author":2,"featured_media":712186,"comment_status":"open","ping_status":"open","sticky":false,"template":"","format":"standard","meta":{"_display_image":"","footnotes":""},"categories":[1314],"tags":[1158,1518,1132,1765],"class_list":["post-712185","post","type-post","status-publish","format-standard","has-post-thumbnail","hentry","category-economia-in-ungheria","tag-budapest","tag-conferenza","tag-economia","tag-ocse"],"blocksy_meta":[],"author_username":"alk","telegram_post":"","public_post_metadata":{"breaking_news":"","important":"","csempe":"","center_tile":"","disable_thumbnail":"","target_lang":"","_featured_image_style":"","telegram_post":"","_xlat_group_id":""},"public_rank_math_data":{"title":"%titolo% %sep% %nomesito%","description":"Il capo dell'OCSE si \u00e8 concentrato in un forum a Budapest sulle iniziative politiche che accelererebbero la crescita della produttivit\u00e0 delle piccole e medie imprese.","focus_keyword":"OCSE","canonical_url":"","robots":"","primary_category":"1314","breadcrumb_title":"","facebook_title":"","facebook_description":"","facebook_image":"","facebook_image_id":"","twitter_title":"","twitter_description":"","twitter_image":"","twitter_image_id":"","twitter_card_type":"","twitter_use_facebook":"","advanced_robots":"","pillar_content":"","seo_score":"64","contentai_score":"","rich_snippet":""},"_links":{"self":[{"href":"https:\/\/dailynewshungary.com\/it\/wp-json\/wp\/v2\/posts\/712185","targetHints":{"allow":["GET"]}}],"collection":[{"href":"https:\/\/dailynewshungary.com\/it\/wp-json\/wp\/v2\/posts"}],"about":[{"href":"https:\/\/dailynewshungary.com\/it\/wp-json\/wp\/v2\/types\/post"}],"author":[{"embeddable":true,"href":"https:\/\/dailynewshungary.com\/it\/wp-json\/wp\/v2\/users\/2"}],"replies":[{"embeddable":true,"href":"https:\/\/dailynewshungary.com\/it\/wp-json\/wp\/v2\/comments?post=712185"}],"version-history":[{"count":0,"href":"https:\/\/dailynewshungary.com\/it\/wp-json\/wp\/v2\/posts\/712185\/revisions"}],"wp:featuredmedia":[{"embeddable":true,"href":"https:\/\/dailynewshungary.com\/it\/wp-json\/wp\/v2\/media\/712186"}],"wp:attachment":[{"href":"https:\/\/dailynewshungary.com\/it\/wp-json\/wp\/v2\/media?parent=712185"}],"wp:term":[{"taxonomy":"category","embeddable":true,"href":"https:\/\/dailynewshungary.com\/it\/wp-json\/wp\/v2\/categories?post=712185"},{"taxonomy":"post_tag","embeddable":true,"href":"https:\/\/dailynewshungary.com\/it\/wp-json\/wp\/v2\/tags?post=712185"}],"curies":[{"name":"wp","href":"https:\/\/api.w.org\/{rel}","templated":true}]}}