{"id":712383,"date":"2017-06-19T22:30:32","date_gmt":"2017-06-19T20:30:32","guid":{"rendered":"https:\/\/dailynewshungary.com\/it\/riunione-dei-ministri-degli-esteri-dellue-in-lussemburgo-leuropa-si-trova-ad-affrontare-la-piu-grande-minaccia-terroristica-di-tutti-i-tempi-afferma-la-fm-ungherese\/"},"modified":"2017-06-19T22:30:32","modified_gmt":"2017-06-19T20:30:32","slug":"riunione-dei-ministri-degli-esteri-dellue-in-lussemburgo-leuropa-si-trova-ad-affrontare-la-piu-grande-minaccia-terroristica-di-tutti-i-tempi-afferma-la-fm-ungherese","status":"publish","type":"post","link":"https:\/\/dailynewshungary.com\/it\/riunione-dei-ministri-degli-esteri-dellue-in-lussemburgo-leuropa-si-trova-ad-affrontare-la-piu-grande-minaccia-terroristica-di-tutti-i-tempi-afferma-la-fm-ungherese\/","title":{"rendered":"Riunione dei ministri degli Esteri dell\u2019UE in Lussemburgo L\u2019Europa si trova ad affrontare la pi\u00f9 grande minaccia terroristica di tutti i tempi, afferma la FM ungherese"},"content":{"rendered":"<p><strong>L&#8217;Europa sta affrontando il <a href=\"https:\/\/dailynewshungary.com\/it\/la-grande-rapina-al-treno-britannico-come-una-banda-di-15-uomini-rubo-26-milioni-di-sterline-nel-1963\/\" target=\"_blank\" rel=\"noopener noreferrer\">pi\u00f9 grande minaccia terroristica<\/a> di tutti i tempi, sono necessarie una comunicazione cos\u00ec chiara e un&#8217;azione risoluta per proteggere gli europei, ha detto luned\u00ec il ministro degli Esteri P\u00e9ter Szijj\u00e1rt\u00f3.<\/strong><\/p>\n<p>Gli eventi recenti hanno dimostrato che i precedenti metodi di integrazione hanno fallito e che ci sono enormi tensioni nelle societ\u00e0 europee, ha detto Szijj\u00e1rt\u00f3 durante una pausa nella riunione dei ministri degli Esteri dell&#8217;UE a Lussemburgo.<\/p>\n<p>Tutte le politiche in Europa dovrebbero servire a ripristinare la sicurezza degli europei, ha affermato. <a href=\"https:\/\/dailynewshungary.com\/it\/la-grande-rapina-al-treno-britannico-come-una-banda-di-15-uomini-rubo-26-milioni-di-sterline-nel-1963\/\" target=\"_blank\" rel=\"noopener noreferrer\">L&#8217;UE<\/a> deve agire contro il terrorismo e i terroristi invece di punire coloro che cercano di fermare l&#8217;ondata di migranti e introdurre misure reali per proteggere i popoli d&#8217;Europa, ha aggiunto.<\/p>\n<p>Al fine di sconfiggere la minaccia del terrorismo, l&#8217;immigrazione clandestina deve essere completamente fermata, ha detto Szijj\u00e1rt\u00f3, Solo quelle persone che non rappresentano una minaccia per la societ\u00e0 europea dovrebbero essere autorizzate ad entrare in Europa e solo coloro che sono ammissibili in linea con le normative vigenti dovrebbero essere autorizzati a rimanere, ha aggiunto.<\/p>\n<p>Il ministro ha affermato che \u00e8 emerso un dibattito emozionante e acceso, a volte personale, riguardo al punto di vista di Ungheria e Austria secondo cui le domande di asilo dovrebbero essere decise al di fuori dell&#8217;UE. Ungheria e Austria sostengono che \u00e8 necessario istituire centri di accoglienza gestiti dall&#8217;UE che registrino i rifugiati e i migranti. Coloro che sono contrari a questa proposta pongono l\u2019inclusione al di sopra della sicurezza e sostengono le quote obbligatorie di migranti, ha affermato.<\/p>\n<p>Ungheria e Austria hanno anche proposto che i paesi non UE dovrebbero essere ammissibili al sostegno allo sviluppo solo se cooperano pienamente sulle questioni migratorie e fanno ogni sforzo per fermare il flusso di migranti, ha detto Secondo fonti UE, Lussemburgo e Germania sono i pi\u00f9 forti oppositori di quest&#8217;ultima proposta.<\/p>\n<p>Szijj\u00e1rt\u00f3 ha detto che fino a quando non si raggiunger\u00e0 un consenso su questi temi l&#8217;Europa non sar\u00e0 in grado di vincere la lotta contro il terrorismo Nel fuoco incrociato delle critiche internazionali, l&#8217;Ungheria ha costruito due recinzioni, introdotto leggi pi\u00f9 severe, e inviato polizia e soldati ai confini meridionali di Schengen e nei paesi dei Balcani occidentali, ha osservato L&#8217;UE dovrebbe anche agire con risolutezza, e invece di attaccare coloro che agiscono contro l&#8217;immigrazione clandestina, dovrebbe aiutarli, ha aggiunto Szijj\u00e1rt\u00f3.<\/p>\n<p><em>Foto: MTI<\/em><\/p>\n","protected":false},"excerpt":{"rendered":"<p>L&#8217;Europa sta affrontando il pi\u00f9 grande minaccia terroristica di tutti i tempi, sono necessarie una comunicazione cos\u00ec chiara e un&#8217;azione risoluta per proteggere gli europei, ha detto luned\u00ec il ministro degli Esteri P\u00e9ter Szijj\u00e1rt\u00f3. Gli eventi recenti hanno dimostrato che i precedenti metodi di integrazione hanno fallito e che ci sono enormi tensioni nelle societ\u00e0 [&hellip;]<\/p>\n","protected":false},"author":2,"featured_media":712384,"comment_status":"open","ping_status":"open","sticky":false,"template":"","format":"standard","meta":{"_display_image":"","footnotes":""},"categories":[1185],"tags":[1137,1689,1092,1193,1075],"class_list":["post-712383","post","type-post","status-publish","format-standard","has-post-thumbnail","hentry","category-politica-in-ungheria","tag-austria","tag-benelux","tag-ministero-degli-affari-esteri-dellungheria","tag-terrorismo","tag-unione-europea"],"blocksy_meta":[],"author_username":"alk","telegram_post":"","public_post_metadata":{"breaking_news":"","important":"","csempe":"","center_tile":"","disable_thumbnail":"","target_lang":"","_featured_image_style":"","telegram_post":"","_xlat_group_id":""},"public_rank_math_data":{"title":"%titolo% %sep% %nomesito%","description":"L'Europa sta affrontando la pi\u00f9 grande minaccia terroristica di tutti i tempi, quindi sono necessarie una comunicazione chiara e un'azione risoluta per proteggere gli europei, ha detto Szijj\u00e1rt\u00f3.","focus_keyword":"terrorista","canonical_url":"","robots":"","primary_category":"1185","breadcrumb_title":"","facebook_title":"","facebook_description":"","facebook_image":"","facebook_image_id":"","twitter_title":"","twitter_description":"","twitter_image":"","twitter_image_id":"","twitter_card_type":"","twitter_use_facebook":"","advanced_robots":"","pillar_content":"","seo_score":"56","contentai_score":"","rich_snippet":""},"_links":{"self":[{"href":"https:\/\/dailynewshungary.com\/it\/wp-json\/wp\/v2\/posts\/712383","targetHints":{"allow":["GET"]}}],"collection":[{"href":"https:\/\/dailynewshungary.com\/it\/wp-json\/wp\/v2\/posts"}],"about":[{"href":"https:\/\/dailynewshungary.com\/it\/wp-json\/wp\/v2\/types\/post"}],"author":[{"embeddable":true,"href":"https:\/\/dailynewshungary.com\/it\/wp-json\/wp\/v2\/users\/2"}],"replies":[{"embeddable":true,"href":"https:\/\/dailynewshungary.com\/it\/wp-json\/wp\/v2\/comments?post=712383"}],"version-history":[{"count":0,"href":"https:\/\/dailynewshungary.com\/it\/wp-json\/wp\/v2\/posts\/712383\/revisions"}],"wp:featuredmedia":[{"embeddable":true,"href":"https:\/\/dailynewshungary.com\/it\/wp-json\/wp\/v2\/media\/712384"}],"wp:attachment":[{"href":"https:\/\/dailynewshungary.com\/it\/wp-json\/wp\/v2\/media?parent=712383"}],"wp:term":[{"taxonomy":"category","embeddable":true,"href":"https:\/\/dailynewshungary.com\/it\/wp-json\/wp\/v2\/categories?post=712383"},{"taxonomy":"post_tag","embeddable":true,"href":"https:\/\/dailynewshungary.com\/it\/wp-json\/wp\/v2\/tags?post=712383"}],"curies":[{"name":"wp","href":"https:\/\/api.w.org\/{rel}","templated":true}]}}