{"id":712704,"date":"2017-06-08T21:57:48","date_gmt":"2017-06-08T19:57:48","guid":{"rendered":"https:\/\/dailynewshungary.com\/it\/riunione-del-consiglio-ministeriale-dellocse-a-parigi-ministro-ungherese-gli-interessi-nazionali-e-globali-devono-essere-armonizzati\/"},"modified":"2017-06-08T21:57:48","modified_gmt":"2017-06-08T19:57:48","slug":"riunione-del-consiglio-ministeriale-dellocse-a-parigi-ministro-ungherese-gli-interessi-nazionali-e-globali-devono-essere-armonizzati","status":"publish","type":"post","link":"https:\/\/dailynewshungary.com\/it\/riunione-del-consiglio-ministeriale-dellocse-a-parigi-ministro-ungherese-gli-interessi-nazionali-e-globali-devono-essere-armonizzati\/","title":{"rendered":"riunione del consiglio ministeriale dell\u2019OCSE a Parigi Ministro ungherese: gli interessi nazionali e globali devono essere armonizzati"},"content":{"rendered":"<p><strong>Gli interessi nazionali e globali devono essere armonizzati al fine di ripristinare il sostegno politico e sociale agli accordi internazionali di libero scambio, ha detto gioved\u00ec il ministro degli Esteri P\u00e9ter Szijj\u00e1rt\u00f3 durante una pausa alla riunione del consiglio ministeriale dell&#8217;OCSE a Parigi.<\/strong><\/p>\n<p>\u00c8 nell&#8217;interesse dell&#8217;Ungheria che venga ripristinata la fiducia negli accordi di libero scambio, perch\u00e9 un sostegno crescente migliorer\u00e0 il tasso di espansione del commercio globale, ha affermato.<\/p>\n<p>Ha aggiunto, tuttavia, che gli interessi globali sono una somma di interessi nazionali&#8230; e gli interessi nazionali non devono essere soppressi nemmeno nel commercio internazionale.\u201d Nel caso dell&#8217;Ungheria, questo vale per alcune questioni riguardanti l&#8217;agricoltura e l&#8217;industria, ha affermato.<\/p>\n<p>Szijj\u00e1rt\u00f3 presiede un gruppo di lavoro durante l&#8217;incontro che si concentra sul ruolo delle organizzazioni economiche internazionali nell&#8217;introduzione di standard lavorativi e ambientali, garantendo il rispetto delle pratiche commerciali responsabili e incoraggiando la lotta alla corruzione internazionale e al commercio illegale.<\/p>\n<p>Ha osservato che fattori esterni come gli investimenti esteri svolgono un ruolo serio in un&#8217;economia aperta come quella ungherese, dove il rapporto tra esportazioni e PIL \u00e8 superiore al 90%. Ci\u00f2 rende il paese particolarmente dipendente dalla crescita del commercio mondiale dopo la recessione degli ultimi due anni, ha detto Szijj\u00e1rt\u00f3.<\/p>\n<p>Per raggiungere questo obiettivo, l&#8217;OCSE deve aprire la strada in quattro aree, ha affermato Szijj\u00e1rt\u00f3. Oltre a ripristinare il sostegno agli accordi di libero scambio, \u00e8 necessario compiere sforzi per mantenere un equilibrio tra protezione ambientale e competitivit\u00e0, per sostenere le piccole e medie imprese e per combattere il commercio illegale.<\/p>\n<blockquote>\n<p>\u201cLa discriminazione internazionale dell&#8217;energia nucleare deve essere prevenuta e l&#8217;utilizzo dell&#8217;energia deve rimanere una competenza nazionale, ha affermato Szijj\u00e1rt\u00f3.<\/p>\n<\/blockquote>\n<p>Poich\u00e9 le PMI rappresentano la spina dorsale dell&#8217;economia nazionale, occorre impegnarsi affinch\u00e9 queste imprese siano sempre pi\u00f9 coinvolte nella catena di approvvigionamento delle grandi imprese multinazionali, in quest&#8217;ottica il sostegno alle PMI \u00e8 uno degli elementi pi\u00f9 importanti della politica economica del governo ungherese, ha aggiunto Le multinazionali impiegano il 25 per cento della forza lavoro ungherese generando al contempo il 60 per cento del PIL, ha affermato.<\/p>\n<p>La lotta contro il commercio illegale \u00e8 un compito importante perch\u00e9 pu\u00f2 danneggiare le prospettive per i paesi che hanno un\u2019economia aperta, ha affermato Szijj\u00e1rt\u00f3.<\/p>\n<p>\u201c\u00c8 un interesse speciale per l&#8217;Ungheria che una determinata cooperazione internazionale, senza fare eccezioni, si sviluppi contro il commercio illegale, ha aggiunto.<\/p>\n<p>Szijj\u00e1rt\u00f3 ha affermato che l&#8217;Ungheria sostiene e aderir\u00e0 volentieri a un&#8217;iniziativa olandese per rafforzare le economie aperte e le societ\u00e0 inclusive, istituita gioved\u00ec durante la riunione del consiglio ministeriale dell&#8217;OCSE.<\/p>\n<p><em>Foto: Ministero degli Affari Esteri<\/em><\/p>\n","protected":false},"excerpt":{"rendered":"<p>Gli interessi nazionali e globali devono essere armonizzati al fine di ripristinare il sostegno politico e sociale agli accordi internazionali di libero scambio, ha detto gioved\u00ec il ministro degli Esteri P\u00e9ter Szijj\u00e1rt\u00f3 durante una pausa alla riunione del consiglio ministeriale dell&#8217;OCSE a Parigi. \u00c8 nell&#8217;interesse dell&#8217;Ungheria che venga ripristinata la fiducia negli accordi di libero [&hellip;]<\/p>\n","protected":false},"author":2,"featured_media":712705,"comment_status":"open","ping_status":"open","sticky":false,"template":"","format":"standard","meta":{"_display_image":"","footnotes":""},"categories":[1314],"tags":[1132,1141,1092,1765],"class_list":["post-712704","post","type-post","status-publish","format-standard","has-post-thumbnail","hentry","category-economia-in-ungheria","tag-economia","tag-francia","tag-ministero-degli-affari-esteri-dellungheria","tag-ocse"],"blocksy_meta":[],"author_username":"alk","telegram_post":"","public_post_metadata":{"breaking_news":"","important":"","csempe":"","center_tile":"","disable_thumbnail":"","target_lang":"","_featured_image_style":"","telegram_post":"","_xlat_group_id":""},"public_rank_math_data":{"title":"%titolo% %sep% %nomesito%","description":"","focus_keyword":"OCSE","canonical_url":"","robots":"","primary_category":"1314","breadcrumb_title":"","facebook_title":"","facebook_description":"","facebook_image":"","facebook_image_id":"","twitter_title":"","twitter_description":"","twitter_image":"","twitter_image_id":"","twitter_card_type":"","twitter_use_facebook":"","advanced_robots":"","pillar_content":"","seo_score":"51","contentai_score":"","rich_snippet":""},"_links":{"self":[{"href":"https:\/\/dailynewshungary.com\/it\/wp-json\/wp\/v2\/posts\/712704","targetHints":{"allow":["GET"]}}],"collection":[{"href":"https:\/\/dailynewshungary.com\/it\/wp-json\/wp\/v2\/posts"}],"about":[{"href":"https:\/\/dailynewshungary.com\/it\/wp-json\/wp\/v2\/types\/post"}],"author":[{"embeddable":true,"href":"https:\/\/dailynewshungary.com\/it\/wp-json\/wp\/v2\/users\/2"}],"replies":[{"embeddable":true,"href":"https:\/\/dailynewshungary.com\/it\/wp-json\/wp\/v2\/comments?post=712704"}],"version-history":[{"count":0,"href":"https:\/\/dailynewshungary.com\/it\/wp-json\/wp\/v2\/posts\/712704\/revisions"}],"wp:featuredmedia":[{"embeddable":true,"href":"https:\/\/dailynewshungary.com\/it\/wp-json\/wp\/v2\/media\/712705"}],"wp:attachment":[{"href":"https:\/\/dailynewshungary.com\/it\/wp-json\/wp\/v2\/media?parent=712704"}],"wp:term":[{"taxonomy":"category","embeddable":true,"href":"https:\/\/dailynewshungary.com\/it\/wp-json\/wp\/v2\/categories?post=712704"},{"taxonomy":"post_tag","embeddable":true,"href":"https:\/\/dailynewshungary.com\/it\/wp-json\/wp\/v2\/tags?post=712704"}],"curies":[{"name":"wp","href":"https:\/\/api.w.org\/{rel}","templated":true}]}}