{"id":712730,"date":"2017-06-08T09:30:30","date_gmt":"2017-06-08T07:30:30","guid":{"rendered":"https:\/\/dailynewshungary.com\/it\/lungheria-firma-una-convenzione-fiscale-multilaterale-dellocse\/"},"modified":"2017-06-08T09:30:30","modified_gmt":"2017-06-08T07:30:30","slug":"lungheria-firma-una-convenzione-fiscale-multilaterale-dellocse","status":"publish","type":"post","link":"https:\/\/dailynewshungary.com\/it\/lungheria-firma-una-convenzione-fiscale-multilaterale-dellocse\/","title":{"rendered":"L\u2019Ungheria firma una convenzione fiscale multilaterale dell\u2019OCSE"},"content":{"rendered":"<p><strong>Mercoled\u00ec l\u2019Ungheria ha firmato una convenzione fiscale multilaterale dell\u2019OCSE volta a prevenire l\u2019erosione della base imponibile e lo spostamento dei profitti, ha affermato il ministero dell\u2019Economia.<\/strong><\/p>\n<p>La convenzione garantir\u00e0 che le norme volte a prevenire l&#8217;evasione fiscale transfrontaliera saranno incorporate nei trattati fiscali bilaterali entro un breve lasso di tempo, ha affermato il ministero.<\/p>\n<p>Consentir\u00e0 inoltre di aggiornare centinaia di trattati fiscali con le misure dell\u2019OCSE sull\u2019erosione della base imponibile e sul trasferimento dei profitti (BEPS) senza la necessit\u00e0 di negoziati bilaterali prolungati, ha aggiunto il ministero.<\/p>\n<p>La convenzione \u00e8 stata firmata da pi\u00f9 di 65 paesi.<\/p>\n<p>L&#8217;accordo \u00e8 stato firmato dal vice segretario di Stato del ministero dell&#8217;Economia L\u00e1szl\u00f3 Balogh in occasione della riunione del Consiglio ministeriale dell&#8217;OCSE a Parigi.<\/p>\n","protected":false},"excerpt":{"rendered":"<p>Mercoled\u00ec l\u2019Ungheria ha firmato una convenzione fiscale multilaterale dell\u2019OCSE volta a prevenire l\u2019erosione della base imponibile e lo spostamento dei profitti, ha affermato il ministero dell\u2019Economia. La convenzione garantir\u00e0 che le norme volte a prevenire l&#8217;evasione fiscale transfrontaliera saranno incorporate nei trattati fiscali bilaterali entro un breve lasso di tempo, ha affermato il ministero. Consentir\u00e0 [&hellip;]<\/p>\n","protected":false},"author":2,"featured_media":712731,"comment_status":"open","ping_status":"open","sticky":false,"template":"","format":"standard","meta":{"_display_image":"","footnotes":""},"categories":[1314],"tags":[1132,1765,1318],"class_list":["post-712730","post","type-post","status-publish","format-standard","has-post-thumbnail","hentry","category-economia-in-ungheria","tag-economia","tag-ocse","tag-tasse"],"blocksy_meta":[],"author_username":"alk","telegram_post":"","public_post_metadata":{"breaking_news":"","important":"","csempe":"","center_tile":"","disable_thumbnail":"","target_lang":"","_featured_image_style":"","telegram_post":"","_xlat_group_id":""},"public_rank_math_data":{"title":"%titolo% %sep% %nomesito%","description":"","focus_keyword":"OCSE","canonical_url":"","robots":"","primary_category":"1314","breadcrumb_title":"","facebook_title":"","facebook_description":"","facebook_image":"","facebook_image_id":"","twitter_title":"","twitter_description":"","twitter_image":"","twitter_image_id":"","twitter_card_type":"","twitter_use_facebook":"","advanced_robots":"","pillar_content":"","seo_score":"54","contentai_score":"","rich_snippet":""},"_links":{"self":[{"href":"https:\/\/dailynewshungary.com\/it\/wp-json\/wp\/v2\/posts\/712730","targetHints":{"allow":["GET"]}}],"collection":[{"href":"https:\/\/dailynewshungary.com\/it\/wp-json\/wp\/v2\/posts"}],"about":[{"href":"https:\/\/dailynewshungary.com\/it\/wp-json\/wp\/v2\/types\/post"}],"author":[{"embeddable":true,"href":"https:\/\/dailynewshungary.com\/it\/wp-json\/wp\/v2\/users\/2"}],"replies":[{"embeddable":true,"href":"https:\/\/dailynewshungary.com\/it\/wp-json\/wp\/v2\/comments?post=712730"}],"version-history":[{"count":0,"href":"https:\/\/dailynewshungary.com\/it\/wp-json\/wp\/v2\/posts\/712730\/revisions"}],"wp:featuredmedia":[{"embeddable":true,"href":"https:\/\/dailynewshungary.com\/it\/wp-json\/wp\/v2\/media\/712731"}],"wp:attachment":[{"href":"https:\/\/dailynewshungary.com\/it\/wp-json\/wp\/v2\/media?parent=712730"}],"wp:term":[{"taxonomy":"category","embeddable":true,"href":"https:\/\/dailynewshungary.com\/it\/wp-json\/wp\/v2\/categories?post=712730"},{"taxonomy":"post_tag","embeddable":true,"href":"https:\/\/dailynewshungary.com\/it\/wp-json\/wp\/v2\/tags?post=712730"}],"curies":[{"name":"wp","href":"https:\/\/api.w.org\/{rel}","templated":true}]}}