{"id":712896,"date":"2017-06-02T11:00:05","date_gmt":"2017-06-02T09:00:05","guid":{"rendered":"https:\/\/dailynewshungary.com\/it\/intervista-con-il-primo-ministro-orban-la-rete-di-soros-in-ungheria-come-la-mafia-orban-update\/"},"modified":"2017-06-02T11:00:05","modified_gmt":"2017-06-02T09:00:05","slug":"intervista-con-il-primo-ministro-orban-la-rete-di-soros-in-ungheria-come-la-mafia-orban-update","status":"publish","type":"post","link":"https:\/\/dailynewshungary.com\/it\/intervista-con-il-primo-ministro-orban-la-rete-di-soros-in-ungheria-come-la-mafia-orban-update\/","title":{"rendered":"Intervista con il Primo Ministro Orb\u00e1n: La rete di Soros in Ungheria come la mafia Orb\u00e1n UPDATE"},"content":{"rendered":"<p><strong>L&#8217;unica rete che \u201copera come una mafia\u201d in Ungheria \u00e8 quella del miliardario George Soros, ha detto venerd\u00ec il primo ministro in un&#8217;intervista alla radio pubblica.<\/strong><\/p>\n<h4>La rete di \u201cSoros in Ungheria come mafia\u201d<\/h4>\n<p>In un discorso a Bruxelles gioved\u00ec, Soros aveva accusato l&#8217;Ungheria di essere una \u201cmafia state\u201d.<\/p>\n<p>Intervenendo alla Kossuth Radio, Viktor Orb\u00e1n ha affermato che la rete di Soros e le sue \u201cagenzie\u201d sono una componente significativa e non trasparente della vita pubblica ungherese\u201d.<\/p>\n<p>Orb\u00e1n ha insistito sul fatto che \u201clo speculatore finanziario\u201d e \u201ci suoi sostenitori in Ungheria\u201d stavano cercando di attuare un programma di \u201ca per consentire ai migranti di entrare nel paese\u201d.<\/p>\n<p>L&#8217;intera ala sinistra in Ungheria \u00e8 tra questi sostenitori, ha detto, sottolineando L\u00e1szl\u00f3 Botka, il candidato primo ministro del Partito socialista, \u201c, che ha annunciato che smanteller\u00e0 la recinzione di confine\u201d.<\/p>\n<p>Orb\u00e1n ha insistito sul fatto che l&#8217;Ungheria agisce come una \u201cbarrier\u201d per Soros, a cui viene impedito solo di importare un milione di migranti in Europa grazie alla re\u201d del governo ungherese.<\/p>\n<p>Riferendosi alle recenti osservazioni di Soros, in cui suggeriva che l&#8217;Ungheria fosse una \u201cmafia state\u201d, Orb\u00e1n ha affermato che si trattava di \u201coffensive\u201d e equivale a una \u201cdichiarazione di guerra\u201d.<\/p>\n<p>Per quanto riguarda il recente sondaggio del governo sulla consultazione nazionale\u201d, Orb\u00e1n ha affermato che un documento che spiega le sue domande \u00e8 stato inviato a \u201cBruxelles burocrati\u201d. Ha aggiunto che \u201cit potrebbe non essere compreso a causa della differenza di background culturali\u201d.<\/p>\n<p>\u201cProteggere l&#8217;attuale status quo richiede la sospensione di Bruxelles\u201d. L&#8217;Ungheria, ha detto, non rinuncer\u00e0 a ulteriori poteri\u201d, ma questo \u00e8 stato visto come un atteggiamento anti-UE\u201c\u201d. Orb\u00e1n ha promesso di utilizzare l&#8217;esito dell&#8217;indagine come autorizzazione a bloccare la distribuzione dei migranti se l&#8217;UE \u201cforzer\u00e0 un programma di insediamento sull&#8217;Ungheria\u201d.<\/p>\n<p>\u201cGli elettori ungheresi non vogliono cedere questo diritto a Bruxelles, ha detto,\u201d, aggiungendo che farebbe lo stesso quando si tratta di un&#8217;unione energetica europea \u201cse contiene disposizioni in base alle quali il mercato o Bruxelles fisserebbero il [al dettaglio] prezzo dell&#8217;energia\u201d.<\/p>\n<p>Orb\u00e1n ha affermato che 1,7 milioni di persone hanno partecipato al sondaggio nazionale, aggiungendo che il gran numero di intervistati ha indicato che \u201cit non \u00e8 un paese di indifferenza\u201d. Il sondaggio \u201crafforza la posizione del governo e aumenta il suo peso e dimostra il suo impegno, ha detto\u201d.<\/p>\n<p>Commentando la decisione degli Stati Uniti di abbandonare l&#8217;Accordo sul clima di Parigi, Orb\u00e1n ha affermato di essere stato un&#8217;idea sconvolta e ha notato che il consenso ungherese \u00e8 una realt\u00e0, \u00e8 una minaccia ed \u00e8 di natura globale che richiede un&#8217;azione a livello globale.<\/p>\n<p>\u201cLa decisione del presidente degli Stati Uniti va contro tutto questo, ha detto\u201d Orb\u00e1n, aggiungendo che comprendere le ramificazioni della mossa di Donald Trump richiederebbe molta pi\u00f9 riflessione.<\/p>\n<p>Rispondendo a una domanda che suggerisce che n\u00e9 la cancelliera tedesca Angela Merkel n\u00e9 Martin Schulz, il candidato cancelliere dei socialdemocratici, considerano gli Stati Uniti un partner affidabile, Orb\u00e1n ha affermato che i tedeschi dovrebbero mostrare pi\u00f9 modestia quando si tratta di osservazioni come quella\u201d. Ha sostenuto che le dichiarazioni di \u201cgeneralizzazione si sono rivelate pericolose nella storia europea\u201d. Ha insistito sul fatto che l&#8217;Europa \u201c non \u00e8 stata in grado di trovare il modo di servire gli interessi dei suoi cittadini negli ultimi 100 anni senza la cooperazione degli Stati Uniti, ha detto, aggiungendo che sperava che n\u00e9 la Germania n\u00e9 gli Stati Uniti avrebbero abbandonato quella cooperazione.<\/p>\n<p>Ha aggiunto, tuttavia, che il destino dell\u2019Europa \u00e8 nelle mani degli europei\u201d e che l\u2019Europa potrebbe reggersi in piedi economicamente senza gli Stati Uniti o altri attori dell\u2019economia globale \u201c, anche se stessimo peggio senza il commercio globale\u201d.<\/p>\n<p>Riflettendo su una proposta tedesca che suggerisce che i fondi di coesione potrebbero essere tagliati per i membri che violano lo stato di diritto, Orb\u00e1n ha affermato di non smentire che \u201csignificassero\u201d. \u201cIl valore europeo pi\u00f9 importante \u00e8 realizzare contratti, e la crisi dei migranti \u00e8 scoppiata perch\u00e9 i tedeschi hanno violato [un accordo]\u201d. \u201cSe volessimo legare i sussidi ai valori europei, la Germania sarebbe il pi\u00f9 grande perdente\u201d, ha detto Orb\u00e1n.<\/p>\n<p>Per quanto riguarda la politica demografica del governo, Orb\u00e1n ha affermato che l&#8217;obiettivo \u00e8 quello di rendere l&#8217;Ungheria un paese pro-famiglia, in cui le donne di\u201cdiranno che \u00e8 bene allevare i figli\u201d. Ha affermato che le attuali tendenze demografiche negative dovrebbero essere rallentate, fermate tra il 2025 e il 2030, e poi invertite.<\/p>\n<h4>AGGIORNAMENTO<\/h4>\n<p>Erzs\u00e9bet Schmuck, vice capogruppo dell&#8217;opposizione verde LMP, ha detto che il suo partito scriver\u00e0 una lettera aperta al presidente ungherese J\u00e1nos \u00c1der e Orb\u00e1n esortandoli a invitare i firmatari dell&#8217;accordo a esercitare pressioni internazionali sul presidente degli Stati Uniti. Ha detto che la decisione di Trump di abbandonare l&#8217;accordo ha inviato il messaggio che il secondo pi\u00f9 grande emettitore mondiale di gas serra dopo la Cina non era interessato al cambiamento climatico o infastidito dal decadimento dell&#8217;ecosistema del pianeta.<\/p>\n<p>Csaba Moln\u00e1r, vice leader della Coalizione Democratica di sinistra (DK), ha definito la decisione del presidente un crimine \u201cindifendibile contro il mondo\u201d. \u201cDK ritiene che tutti abbiano la responsabilit\u00e0 della generazione dopo di loro, quindi l&#8217;Europa e il mondo devono rimanere forti e dare l&#8217;esempio all&#8217;America di Trump rispettando l&#8217;accordo sul clima di Parigi, ha affermato.<\/p>\n<p>Egy\u00fctt ha affermato che la decisione di Trump rappresenta un rischio per l&#8217;accordo sul clima e la lotta contro il cambiamento climatico, ma ha espresso la speranza che gli Stati Uniti rivedano presto la loro decisione di ritirarsi dall&#8217;accordo.<\/p>\n<p><em>Foto: MTI<\/em><\/p>\n","protected":false},"excerpt":{"rendered":"<p>L&#8217;unica rete che \u201copera come una mafia\u201d in Ungheria \u00e8 quella del miliardario George Soros, ha detto venerd\u00ec il primo ministro in un&#8217;intervista alla radio pubblica. La rete di \u201cSoros in Ungheria come mafia\u201d In un discorso a Bruxelles gioved\u00ec, Soros aveva accusato l&#8217;Ungheria di essere una \u201cmafia state\u201d. Intervenendo alla Kossuth Radio, Viktor Orb\u00e1n [&hellip;]<\/p>\n","protected":false},"author":2,"featured_media":712897,"comment_status":"open","ping_status":"open","sticky":false,"template":"","format":"standard","meta":{"_display_image":"","footnotes":""},"categories":[1185],"tags":[1111,1075,1083],"class_list":["post-712896","post","type-post","status-publish","format-standard","has-post-thumbnail","hentry","category-politica-in-ungheria","tag-stati-uniti","tag-unione-europea","tag-viktor-orban"],"blocksy_meta":[],"author_username":"alk","telegram_post":"","public_post_metadata":{"breaking_news":"","important":"","csempe":"","center_tile":"","disable_thumbnail":"","target_lang":"","_featured_image_style":"","telegram_post":"","_xlat_group_id":""},"public_rank_math_data":{"title":"%titolo% %sep% %nomesito%","description":"","focus_keyword":"Orb\u00e1n","canonical_url":"","robots":"","primary_category":"1185","breadcrumb_title":"","facebook_title":"","facebook_description":"","facebook_image":"","facebook_image_id":"","twitter_title":"","twitter_description":"","twitter_image":"","twitter_image_id":"","twitter_card_type":"","twitter_use_facebook":"","advanced_robots":"","pillar_content":"","seo_score":"59","contentai_score":"","rich_snippet":""},"_links":{"self":[{"href":"https:\/\/dailynewshungary.com\/it\/wp-json\/wp\/v2\/posts\/712896","targetHints":{"allow":["GET"]}}],"collection":[{"href":"https:\/\/dailynewshungary.com\/it\/wp-json\/wp\/v2\/posts"}],"about":[{"href":"https:\/\/dailynewshungary.com\/it\/wp-json\/wp\/v2\/types\/post"}],"author":[{"embeddable":true,"href":"https:\/\/dailynewshungary.com\/it\/wp-json\/wp\/v2\/users\/2"}],"replies":[{"embeddable":true,"href":"https:\/\/dailynewshungary.com\/it\/wp-json\/wp\/v2\/comments?post=712896"}],"version-history":[{"count":0,"href":"https:\/\/dailynewshungary.com\/it\/wp-json\/wp\/v2\/posts\/712896\/revisions"}],"wp:featuredmedia":[{"embeddable":true,"href":"https:\/\/dailynewshungary.com\/it\/wp-json\/wp\/v2\/media\/712897"}],"wp:attachment":[{"href":"https:\/\/dailynewshungary.com\/it\/wp-json\/wp\/v2\/media?parent=712896"}],"wp:term":[{"taxonomy":"category","embeddable":true,"href":"https:\/\/dailynewshungary.com\/it\/wp-json\/wp\/v2\/categories?post=712896"},{"taxonomy":"post_tag","embeddable":true,"href":"https:\/\/dailynewshungary.com\/it\/wp-json\/wp\/v2\/tags?post=712896"}],"curies":[{"name":"wp","href":"https:\/\/api.w.org\/{rel}","templated":true}]}}