{"id":712900,"date":"2017-06-02T09:28:13","date_gmt":"2017-06-02T07:28:13","guid":{"rendered":"https:\/\/dailynewshungary.com\/it\/fidesz-il-discorso-di-bruxelles-di-soros-dichiarazione-di-guerra-aperta-allungheria\/"},"modified":"2017-06-02T09:28:13","modified_gmt":"2017-06-02T07:28:13","slug":"fidesz-il-discorso-di-bruxelles-di-soros-dichiarazione-di-guerra-aperta-allungheria","status":"publish","type":"post","link":"https:\/\/dailynewshungary.com\/it\/fidesz-il-discorso-di-bruxelles-di-soros-dichiarazione-di-guerra-aperta-allungheria\/","title":{"rendered":"Fidesz: il discorso di Bruxelles di Soros \u2018dichiarazione di guerra aperta\u2019 all\u2019Ungheria"},"content":{"rendered":"<p><strong>Il finanziere statunitense George Soros \u201chas ha inviato una dichiarazione aperta di guerra\u201d al primo ministro democraticamente eletto e al governo ungherese con il suo discorso di Bruxelles gioved\u00ec, ha detto un eurodeputato del partito al governo Fidesz.<\/strong><\/p>\n<p>Tam\u00e1s Deutsch ha dichiarato oggi in una conferenza stampa che dal suo discorso \u00e8 emerso chiaramente che Soros \u00e8 pronto a compiere qualsiasi passo antidemocratico per garantire la sconfitta del governo ungherese.<\/p>\n<p>Ha detto che George Soros conduce da tempo una guerra contro l&#8217;Ungheria senza \u201cuna dichiarazione ufficiale\u201d, ha detto, aggiungendo che, ora che la dichiarazione \u00e8 esplicita, l&#8217;Ungheria \u00e8 pronta a combattere la revoca.<\/p>\n<p>Deutsch ha detto che chieder\u00e0 alla Commissione europea di rilasciare il contenuto dei colloqui tra Soros e il commissario Ue incaricato della politica migratoria.<\/p>\n<p style=\"text-align: center;\">&nbsp;<iframe loading=\"lazy\" style=\"border: none; overflow: hidden;\" src=\"https:\/\/www.facebook.com\/plugins\/post.php?href=https%3A%2F%2Fwww.facebook.com%2Fdailynewshungary%2Fposts%2F1343252895710278&amp;width=500\" width=\"500\" height=\"501\" frameborder=\"0\" scrolling=\"no\"><\/iframe><\/p>\n<h4>AGGIORNAMENTO<\/h4>\n<p><strong>Fidesz protesta contro la Commissione europea permettendo le osservazioni di Soros<\/strong><\/p>\n<p>Il vice capogruppo del partito al potere Fidesz ha definito \u201cintollerable\u201d che al miliardario George Soros \u00e8 stata data l&#8217;opportunit\u00e0 di parlare ad un evento a Bruxelles, sostenuto dalla Commissione Europea, e ha definito l&#8217;Ungheria uno stato mafioso \u201cin presenza di un commissario\u201d.<\/p>\n<p>Gergely Guly\u00e1s ha dichiarato venerd\u00ec in una conferenza stampa che la commissione \u201c non mantiene nemmeno le apparenze\u201d. Ha chiesto una risposta chiara per quanto riguarda l&#8217;\u201ccome sarebbe potuto accadere\u201d.<\/p>\n<p>Guly\u00e1s ha anche espresso critiche riguardo ai recenti colloqui tra L\u00e1szl\u00f3 Botka, candidato primo ministro dei socialisti ungheresi all&#8217;opposizione, e il vicepresidente della CE Frans Timmermans e Gianni Pittella, capogruppo dei Socialisti e Democratici Europei, che hanno dichiarato di non voler vedere una recinzione lungo il confine ungherese e hanno consegnato diversi ultimatum all\u2019Ungheria sul tema dell\u2019accoglienza dei migranti.<\/p>\n<p><em>Foto scattata da Jeff Ooi<\/em><\/p>\n","protected":false},"excerpt":{"rendered":"<p>Il finanziere statunitense George Soros \u201chas ha inviato una dichiarazione aperta di guerra\u201d al primo ministro democraticamente eletto e al governo ungherese con il suo discorso di Bruxelles gioved\u00ec, ha detto un eurodeputato del partito al governo Fidesz. Tam\u00e1s Deutsch ha dichiarato oggi in una conferenza stampa che dal suo discorso \u00e8 emerso chiaramente che [&hellip;]<\/p>\n","protected":false},"author":2,"featured_media":712901,"comment_status":"open","ping_status":"open","sticky":false,"template":"","format":"standard","meta":{"_display_image":"","footnotes":""},"categories":[1185],"tags":[1111,1075,1083],"class_list":["post-712900","post","type-post","status-publish","format-standard","has-post-thumbnail","hentry","category-politica-in-ungheria","tag-stati-uniti","tag-unione-europea","tag-viktor-orban"],"blocksy_meta":[],"author_username":"alk","telegram_post":"","public_post_metadata":{"breaking_news":"","important":"","csempe":"","center_tile":"","disable_thumbnail":"","target_lang":"","_featured_image_style":"","telegram_post":"","_xlat_group_id":""},"public_rank_math_data":{"title":"%titolo% %sep% %nomesito%","description":"","focus_keyword":"Soros Fidesz","canonical_url":"","robots":"","primary_category":"1185","breadcrumb_title":"","facebook_title":"","facebook_description":"","facebook_image":"","facebook_image_id":"","twitter_title":"","twitter_description":"","twitter_image":"","twitter_image_id":"","twitter_card_type":"","twitter_use_facebook":"","advanced_robots":"","pillar_content":"","seo_score":"2","contentai_score":"","rich_snippet":""},"_links":{"self":[{"href":"https:\/\/dailynewshungary.com\/it\/wp-json\/wp\/v2\/posts\/712900","targetHints":{"allow":["GET"]}}],"collection":[{"href":"https:\/\/dailynewshungary.com\/it\/wp-json\/wp\/v2\/posts"}],"about":[{"href":"https:\/\/dailynewshungary.com\/it\/wp-json\/wp\/v2\/types\/post"}],"author":[{"embeddable":true,"href":"https:\/\/dailynewshungary.com\/it\/wp-json\/wp\/v2\/users\/2"}],"replies":[{"embeddable":true,"href":"https:\/\/dailynewshungary.com\/it\/wp-json\/wp\/v2\/comments?post=712900"}],"version-history":[{"count":0,"href":"https:\/\/dailynewshungary.com\/it\/wp-json\/wp\/v2\/posts\/712900\/revisions"}],"wp:featuredmedia":[{"embeddable":true,"href":"https:\/\/dailynewshungary.com\/it\/wp-json\/wp\/v2\/media\/712901"}],"wp:attachment":[{"href":"https:\/\/dailynewshungary.com\/it\/wp-json\/wp\/v2\/media?parent=712900"}],"wp:term":[{"taxonomy":"category","embeddable":true,"href":"https:\/\/dailynewshungary.com\/it\/wp-json\/wp\/v2\/categories?post=712900"},{"taxonomy":"post_tag","embeddable":true,"href":"https:\/\/dailynewshungary.com\/it\/wp-json\/wp\/v2\/tags?post=712900"}],"curies":[{"name":"wp","href":"https:\/\/api.w.org\/{rel}","templated":true}]}}