{"id":712948,"date":"2017-05-31T15:10:18","date_gmt":"2017-05-31T13:10:18","guid":{"rendered":"https:\/\/dailynewshungary.com\/it\/candidato-socialista-pm-la-maggior-parte-degli-ungheresi-pro-europa\/"},"modified":"2017-05-31T15:10:18","modified_gmt":"2017-05-31T13:10:18","slug":"candidato-socialista-pm-la-maggior-parte-degli-ungheresi-pro-europa","status":"publish","type":"post","link":"https:\/\/dailynewshungary.com\/it\/candidato-socialista-pm-la-maggior-parte-degli-ungheresi-pro-europa\/","title":{"rendered":"Candidato socialista PM: La maggior parte degli ungheresi \u2018pro-Europa\u2019"},"content":{"rendered":"<p><strong>L\u00e1szl\u00f3 Botka, candidato primo ministro del Partito socialista all&#8217;opposizione, ha detto di voler trasmettere mercoled\u00ec durante il suo viaggio a Bruxelles il messaggio che, a differenza del governo Orb\u00e1n, la stragrande maggioranza degli ungheresi sostiene Europe\u201d.<\/strong><\/p>\n<p>In una dichiarazione, Botka ha insistito sul fatto che il primo ministro Viktor Orb\u00e1n ha dichiarato guerra all&#8217;Unione europea nel perseguimento di un potere illimitato.<\/p>\n<p>\u201cL&#8217;Europa dovrebbe sapere che l&#8217;Ungheria non vuole diventare la colonia [del presidente russo Vladimir] Putin e non vuole che la cortina di ferro scenda di nuovo\u201d, ha aggiunto.<\/p>\n<p>Botka ha insistito sul fatto che Orb\u00e1n e l\u2019UE erano una via d\u2019uscita solidalmente responsabile per aver spaventato gli ungheresi nei confronti dei migranti. Ha sostenuto che mentre i leader europei della trattativa di un\u2019idea inefficace stavano giocando per guadagnare tempo e non erano in grado di prendere decisioni\u201d, Orb\u00e1n aveva usato il vuoto \u201c per incitare all\u2019odio\u201d.<\/p>\n<p>Orb\u00e1n nel frattempo ha trasformato 20.000 migranti economici reali di origine incerta libera su Europe\u201d attraverso il sistema di titoli di residenza del governo ungherese, ha detto, aggiungendo che un certo numero di terroristi e criminali\u201d erano forse tra loro.<\/p>\n<p>\u201cNon dobbiamo lasciare che Orb\u00e1n distrugga l&#8217;Europa e smantelli la democrazia costituzionale ungherese nel tentativo di garantire il proprio potere, ha detto\u201d Botka.<\/p>\n<h4>Fidesz: Bruxelles riceve Botka perch\u00e9 vuole che la recinzione venga smantellata<\/h4>\n<p>Il capo delle comunicazioni del partito al potere Fidesz ha affermato che l&#8217;unica ragione per cui Bruxelles ha ricevuto mercoled\u00ec in visita il candidato primo ministro del Partito socialista all&#8217;opposizione \u00e8 perch\u00e9 ha promesso di smantellare la recinzione ungherese al confine meridionale.<\/p>\n<p>Bal\u00e1zs Hidv\u00e9ghi ha dichiarato in una conferenza stampa che \u201coggi \u00e8 il giorno in cui emerger\u00e0 un accordo tra la Commissione europea e il politico socialista secondo il quale L\u00e1szl\u00f3 Botka aprir\u00e0 il confine ai migranti\u201d.<\/p>\n<p>\u201c\u00c8 certamente solo una strana coincidenza che George Soros si trovi mercoled\u00ec a Bruxelles, ha detto\u201d Hidv\u00e9ghi.<\/p>\n","protected":false},"excerpt":{"rendered":"<p>L\u00e1szl\u00f3 Botka, candidato primo ministro del Partito socialista all&#8217;opposizione, ha detto di voler trasmettere mercoled\u00ec durante il suo viaggio a Bruxelles il messaggio che, a differenza del governo Orb\u00e1n, la stragrande maggioranza degli ungheresi sostiene Europe\u201d. In una dichiarazione, Botka ha insistito sul fatto che il primo ministro Viktor Orb\u00e1n ha dichiarato guerra all&#8217;Unione europea [&hellip;]<\/p>\n","protected":false},"author":2,"featured_media":712949,"comment_status":"open","ping_status":"open","sticky":false,"template":"","format":"standard","meta":{"_display_image":"","footnotes":""},"categories":[1185],"tags":[1960,1078,1548,1075,1083],"class_list":["post-712948","post","type-post","status-publish","format-standard","has-post-thumbnail","hentry","category-politica-in-ungheria","tag-elezioni-2018","tag-fidesz","tag-socialisti","tag-unione-europea","tag-viktor-orban"],"blocksy_meta":[],"author_username":"alk","telegram_post":"","public_post_metadata":{"breaking_news":"","important":"","csempe":"","center_tile":"","disable_thumbnail":"","target_lang":"","_featured_image_style":"","telegram_post":"","_xlat_group_id":""},"public_rank_math_data":{"title":"%titolo% %sep% %nomesito%","description":"","focus_keyword":"Socialisti","canonical_url":"","robots":"","primary_category":"1185","breadcrumb_title":"","facebook_title":"","facebook_description":"","facebook_image":"","facebook_image_id":"","twitter_title":"","twitter_description":"","twitter_image":"","twitter_image_id":"","twitter_card_type":"","twitter_use_facebook":"","advanced_robots":"","pillar_content":"","seo_score":"","contentai_score":"","rich_snippet":""},"_links":{"self":[{"href":"https:\/\/dailynewshungary.com\/it\/wp-json\/wp\/v2\/posts\/712948","targetHints":{"allow":["GET"]}}],"collection":[{"href":"https:\/\/dailynewshungary.com\/it\/wp-json\/wp\/v2\/posts"}],"about":[{"href":"https:\/\/dailynewshungary.com\/it\/wp-json\/wp\/v2\/types\/post"}],"author":[{"embeddable":true,"href":"https:\/\/dailynewshungary.com\/it\/wp-json\/wp\/v2\/users\/2"}],"replies":[{"embeddable":true,"href":"https:\/\/dailynewshungary.com\/it\/wp-json\/wp\/v2\/comments?post=712948"}],"version-history":[{"count":0,"href":"https:\/\/dailynewshungary.com\/it\/wp-json\/wp\/v2\/posts\/712948\/revisions"}],"wp:featuredmedia":[{"embeddable":true,"href":"https:\/\/dailynewshungary.com\/it\/wp-json\/wp\/v2\/media\/712949"}],"wp:attachment":[{"href":"https:\/\/dailynewshungary.com\/it\/wp-json\/wp\/v2\/media?parent=712948"}],"wp:term":[{"taxonomy":"category","embeddable":true,"href":"https:\/\/dailynewshungary.com\/it\/wp-json\/wp\/v2\/categories?post=712948"},{"taxonomy":"post_tag","embeddable":true,"href":"https:\/\/dailynewshungary.com\/it\/wp-json\/wp\/v2\/tags?post=712948"}],"curies":[{"name":"wp","href":"https:\/\/api.w.org\/{rel}","templated":true}]}}