{"id":713001,"date":"2017-05-29T21:42:53","date_gmt":"2017-05-29T19:42:53","guid":{"rendered":"https:\/\/dailynewshungary.com\/it\/inaugurazione-dellimpianto-di-batterie-per-auto-elettriche-di-samsung-sdi-in-ungheria\/"},"modified":"2017-05-29T21:42:53","modified_gmt":"2017-05-29T19:42:53","slug":"inaugurazione-dellimpianto-di-batterie-per-auto-elettriche-di-samsung-sdi-in-ungheria","status":"publish","type":"post","link":"https:\/\/dailynewshungary.com\/it\/inaugurazione-dellimpianto-di-batterie-per-auto-elettriche-di-samsung-sdi-in-ungheria\/","title":{"rendered":"Inaugurazione dell\u2019impianto di batterie per auto elettriche di Samsung SDI in Ungheria"},"content":{"rendered":"<p><strong>La reindustrializzazione in Ungheria cambier\u00e0 marcia nel 2017, ha detto luned\u00ec il primo ministro Viktor Orb\u00e1n all&#8217;inaugurazione dello stabilimento di batterie per auto elettriche di Samsung SDI nella citt\u00e0 di God, a nord di Budapest.<\/strong><\/p>\n<p>L&#8217;industria automobilistica ungherese ha impiegato oltre 160.000 persone nel primo trimestre dell&#8217;anno, ha affermato Orb\u00e1n, sostenendo che ci\u00f2 ha permesso all&#8217;Ungheria di diventare un hub per la produzione automobilistica nell&#8217;Europa centrale.<\/p>\n<p>Il primo ministro ha affermato che il paese \u00e8 sulla buona strada per diventare un centro di sviluppo regionale per l\u2019industria automobilistica e un leader di mercato nella produzione di auto elettriche.<\/p>\n<p>Ha detto che il nuovo stabilimento del colosso sudcoreano a God sar\u00e0 uno dei nuovi investimenti dell&#8217;industria automobilistica ungherese che non solo servir\u00e0 a produrre automobili ma consentir\u00e0 ai produttori di sognare la revoca, produrre e testare le auto del futuro\u201d.<\/p>\n<p>Orb\u00e1n ha detto che diversi altri paesi sarebbero stati felici di fornire una casa per lo stabilimento Samsung SDI, ma \u201cSamsung \u00e8 impegnata a God\u201d E poich\u00e9 anche la citt\u00e0 si \u00e8 impegnata con l&#8217;azienda, il governo ha deciso di sostenere l&#8217;investimento, ha aggiunto.<\/p>\n<figure id=\"attachment_120165\" aria-describedby=\"caption-attachment-120165\" style=\"width: 1024px\" class=\"wp-caption aligncenter\"><a href=\"https:\/\/contentf5.dailynewshungary.com\/wp-content\/uploads\/2017\/05\/DSZZS20170529116.jpg\" data-pswp-width=\"2048\" data-pswp-height=\"1468\" data-cropped=\"true\"><img loading=\"lazy\" decoding=\"async\" class=\"wp-image-120165 size-large\" src=\"https:\/\/dailynewshungary.com\/wp-content\/uploads\/2017\/05\/DSZZS20170529116-1024x734.jpg\" alt=\"DSZZS X\" width=\"1024\" height=\"734\" srcset=\"https:\/\/contentf5.dailynewshungary.com\/wp-content\/uploads\/2017\/05\/DSZZS20170529116-1024x734.jpg 1024w, https:\/\/contentf5.dailynewshungary.com\/wp-content\/uploads\/2017\/05\/DSZZS20170529116-300x215.jpg 300w, https:\/\/contentf5.dailynewshungary.com\/wp-content\/uploads\/2017\/05\/DSZZS20170529116-768x550.jpg 768w, https:\/\/contentf5.dailynewshungary.com\/wp-content\/uploads\/2017\/05\/DSZZS20170529116-220x158.jpg 220w, https:\/\/contentf5.dailynewshungary.com\/wp-content\/uploads\/2017\/05\/DSZZS20170529116-1080x774.jpg 1080w, https:\/\/contentf5.dailynewshungary.com\/wp-content\/uploads\/2017\/05\/DSZZS20170529116.jpg 2048w\" sizes=\"auto, (max-width: 1024px) 100vw, 1024px\"><\/a><figcaption id=\"caption-attachment-120165\" class=\"wp-caption-text\">PM Viktor Orb\u00e1n, foto: MTI<\/figcaption><\/figure>\n<p>Prevede che entro il 2019 ci saranno tra le 3.500 e le 4.000 stazioni di ricarica per auto elettriche in tutta l&#8217;Ungheria ed entro il 2020 circa 63.000 veicoli elettrici sulle strade, 54.000 dei quali sarebbero autovetture. Ha inoltre osservato che ai proprietari di auto elettriche vengono concessi benefici fiscali nell&#8217;ambito di un programma governativo che promuove l&#8217;uso delle auto elettriche.<\/p>\n<p>Orb\u00e1n ha affermato che, sebbene dal cambio di regime dell&#8217;Ungheria sia diventato chiaro che un&#8217;economia di mercato non sempre garantisce la qualit\u00e0, se qualcosa viene prodotto in Corea del Sud \u201cpotremmo sempre essere sicuri di avere a che fare con un prodotto eccellente.\u201d Ha affermato La Corea del Sud e da allora le sue aziende sono simboli di qualit\u00e0 e innovazione.<\/p>\n<p>Orb\u00e1n ha affermato che la Corea del Sud \u00e8 un modello per l&#8217;Ungheria, dimostrando che il duro lavoro, la precisione e la creativit\u00e0 possono spingere i prodotti di un paese verso il mercato globale. Ha descritto la storia economica della Corea del Sud come una storia di successo in modo spiacevole\u201d.<\/p>\n<p>Il primo ministro ha detto che la Corea del Sud e le storie di Samsung hanno anche dimostrato che il funzionamento dell&#8217;economia globale non era predeterminato Alcune regioni possono guadagnare in forza mentre altre possono fare passi indietro, ma la Corea del Sud \u00e8 tra i paesi che \u201cimpostare il ritmo\u201d nell&#8217;economia globale, ha detto.<\/p>\n<p>Orb\u00e1n ha descritto l&#8217;Europa centrale come una regione in via di estinzione.<\/p>\n<p>Ha detto che \u00e8 importante che la Corea abbia imparato dagli altri, ma \u201c ha sempre percorso la propria strada nel corso della sua storia, aggiungendo che il paese \u00e8 un importante partner commerciale per l&#8217;Ungheria.<\/p>\n<p>Orb\u00e1n ha affermato che l&#8217;investimento di Samsung sarebbe reciprocamente vantaggioso sia per l&#8217;azienda che per la sua base ungherese, sostenendo che l&#8217;impianto fornir\u00e0 posti di lavoro ai residenti della citt\u00e0 mentre Samsung sar\u00e0 soggetta alle aliquote fiscali pi\u00f9 basse in Europa.<\/p>\n<p>Il CEO di Samsung SDI, Jun Young-hyun, ha dichiarato che l&#8217;imminente espansione del mercato globale delle auto elettriche aumenterebbe notevolmente la domanda di batterie prodotte nello stabilimento God La fabbrica impiegher\u00e0 le tecnologie pi\u00f9 aggiornate, ha affermato, aggiungendo che potrebbe contribuire a un&#8217;impennata del mercato europeo delle auto elettriche.<\/p>\n<p>P\u00e9ter Szijj\u00e1rt\u00f3, ministro degli Affari esteri e del commercio, ha dichiarato lo scorso agosto che l&#8217;investimento di 100 miliardi di fiorini (324 milioni di euro) di Samsung SDI a God creerebbe 600 posti di lavoro.<\/p>\n<figure id=\"attachment_120164\" aria-describedby=\"caption-attachment-120164\" style=\"width: 1024px\" class=\"wp-caption aligncenter\"><a href=\"https:\/\/contentf5.dailynewshungary.com\/wp-content\/uploads\/2017\/05\/DSZZS20170529107.jpg\" data-pswp-width=\"2048\" data-pswp-height=\"1339\" data-cropped=\"true\"><img loading=\"lazy\" decoding=\"async\" class=\"wp-image-120164 size-large\" src=\"https:\/\/dailynewshungary.com\/wp-content\/uploads\/2017\/05\/DSZZS20170529107-1024x669.jpg\" alt=\"DSZZS X\" width=\"1024\" height=\"669\" srcset=\"https:\/\/contentf5.dailynewshungary.com\/wp-content\/uploads\/2017\/05\/DSZZS20170529107-1024x669.jpg 1024w, https:\/\/contentf5.dailynewshungary.com\/wp-content\/uploads\/2017\/05\/DSZZS20170529107-300x196.jpg 300w, https:\/\/contentf5.dailynewshungary.com\/wp-content\/uploads\/2017\/05\/DSZZS20170529107-768x502.jpg 768w, https:\/\/contentf5.dailynewshungary.com\/wp-content\/uploads\/2017\/05\/DSZZS20170529107-220x144.jpg 220w, https:\/\/contentf5.dailynewshungary.com\/wp-content\/uploads\/2017\/05\/DSZZS20170529107-1080x706.jpg 1080w, https:\/\/contentf5.dailynewshungary.com\/wp-content\/uploads\/2017\/05\/DSZZS20170529107.jpg 2048w\" sizes=\"auto, (max-width: 1024px) 100vw, 1024px\"><\/a><figcaption id=\"caption-attachment-120164\" class=\"wp-caption-text\">Foto: MTI<\/figcaption><\/figure>\n<p><em>Foto: MTI<\/em><\/p>\n","protected":false},"excerpt":{"rendered":"<p>La reindustrializzazione in Ungheria cambier\u00e0 marcia nel 2017, ha detto luned\u00ec il primo ministro Viktor Orb\u00e1n all&#8217;inaugurazione dello stabilimento di batterie per auto elettriche di Samsung SDI nella citt\u00e0 di God, a nord di Budapest. L&#8217;industria automobilistica ungherese ha impiegato oltre 160.000 persone nel primo trimestre dell&#8217;anno, ha affermato Orb\u00e1n, sostenendo che ci\u00f2 ha permesso [&hellip;]<\/p>\n","protected":false},"author":2,"featured_media":713002,"comment_status":"open","ping_status":"open","sticky":false,"template":"","format":"standard","meta":{"_display_image":"","footnotes":""},"categories":[1314],"tags":[1157,1488,1248,1083],"class_list":["post-713001","post","type-post","status-publish","format-standard","has-post-thumbnail","hentry","category-economia-in-ungheria","tag-asia","tag-industriale","tag-mercato-del-lavoro","tag-viktor-orban"],"blocksy_meta":[],"author_username":"alk","telegram_post":"","public_post_metadata":{"breaking_news":"","important":"","csempe":"","center_tile":"","disable_thumbnail":"","target_lang":"","_featured_image_style":"","telegram_post":"","_xlat_group_id":""},"public_rank_math_data":{"title":"%titolo% %sep% %nomesito%","description":"","focus_keyword":"Samsung Ungheria","canonical_url":"","robots":"","primary_category":"1314","breadcrumb_title":"","facebook_title":"","facebook_description":"","facebook_image":"","facebook_image_id":"","twitter_title":"","twitter_description":"","twitter_image":"","twitter_image_id":"","twitter_card_type":"","twitter_use_facebook":"","advanced_robots":"","pillar_content":"","seo_score":"9","contentai_score":"","rich_snippet":""},"_links":{"self":[{"href":"https:\/\/dailynewshungary.com\/it\/wp-json\/wp\/v2\/posts\/713001","targetHints":{"allow":["GET"]}}],"collection":[{"href":"https:\/\/dailynewshungary.com\/it\/wp-json\/wp\/v2\/posts"}],"about":[{"href":"https:\/\/dailynewshungary.com\/it\/wp-json\/wp\/v2\/types\/post"}],"author":[{"embeddable":true,"href":"https:\/\/dailynewshungary.com\/it\/wp-json\/wp\/v2\/users\/2"}],"replies":[{"embeddable":true,"href":"https:\/\/dailynewshungary.com\/it\/wp-json\/wp\/v2\/comments?post=713001"}],"version-history":[{"count":0,"href":"https:\/\/dailynewshungary.com\/it\/wp-json\/wp\/v2\/posts\/713001\/revisions"}],"wp:featuredmedia":[{"embeddable":true,"href":"https:\/\/dailynewshungary.com\/it\/wp-json\/wp\/v2\/media\/713002"}],"wp:attachment":[{"href":"https:\/\/dailynewshungary.com\/it\/wp-json\/wp\/v2\/media?parent=713001"}],"wp:term":[{"taxonomy":"category","embeddable":true,"href":"https:\/\/dailynewshungary.com\/it\/wp-json\/wp\/v2\/categories?post=713001"},{"taxonomy":"post_tag","embeddable":true,"href":"https:\/\/dailynewshungary.com\/it\/wp-json\/wp\/v2\/tags?post=713001"}],"curies":[{"name":"wp","href":"https:\/\/api.w.org\/{rel}","templated":true}]}}